{"id":66217,"date":"2012-02-20T21:20:37","date_gmt":"2012-02-20T21:20:37","guid":{"rendered":"http:\/\/diariodominicano.ddns.net\/?p=66217"},"modified":"2012-02-20T21:20:37","modified_gmt":"2012-02-20T21:20:37","slug":"seleccionan-artista-dominicana-para-feria-mundial-artexpo-2012","status":"publish","type":"post","link":"https:\/\/diariodominicano.com\/?p=66217","title":{"rendered":"&#13;Seleccionan artista dominicana para feria mundial Artexpo 2012"},"content":{"rendered":"<p><body><\/p>\n<p><img decoding=\"async\" src=\"img3\/obra de orquidea 1.JPG\" \/><br \/><img decoding=\"async\" src=\"img3\/obra de orquidea 2.JPG\" \/><br \/><img decoding=\"async\" src=\"img3\/obra de orquidea 3.JPG\" \/>  <\/p>\n<p><span class=\"text1noticias\">SANTO DOMINGO, 20 Feb 2012.-La joven artista pl\u00e1stica dominicana, Orquidea de la Cruz Lara fue seleccionada recientemente para exponer sus obras m\u00e1s  recientes del arte contempor\u00e1neo en la m\u00e1s importante feria del mundo \u00abArtexpo New York 2012-Pier 94\u00bb, a celebrarse del 30 de marzo al 1 de abril del presente a\u00f1o.<\/span><\/p>\n<\/p>\n<p><span class=\"text1noticias\">La novel artista ha sido galardonada en varias ocasiones por sus obras pict\u00f3ricas en galer\u00edas nacionales . adem\u00e1s, sus obras han sido publicada en reconocidas revistas de arte, entre ellas Cat\u00e1logo 2008 Lat\u00edn American Pavillion Shangai Art Fair; Enciclopedia de Arte Pl\u00e1stica de C\u00e1ndido Ger\u00f3n, y en la revista \u00abSiempre Arte\u00bb.  <\/span><\/p>\n<\/p>\n<p><span class=\"text1noticias\">De la Cruz Lara expresa que su inspiraci\u00f3n para crear es y seguir\u00e1 siendo la fuente inagotable de escenas m\u00e1gicas que a trav\u00e9s de sus sue\u00f1os o revelaciones, traspasan el umbral de lo on\u00edrico y lo real.<\/span><\/p>\n<\/p>\n<p><span class=\"text1noticias\">Tambi\u00e9n manifiesta su regocijo por ser seleccionada en la importante feria internacional, ya que explica que constituye un notable escal\u00f3n de crecimiento para su trayectoria art\u00edstica.<\/span><\/p>\n<\/p>\n<p><strong><em><u><span class=\"text1noticias\">Biograf\u00eda de  Orqu\u00eddea de la Cruz Lara<\/span><\/u><\/em><\/strong><\/p>\n<\/p>\n<p><span class=\"text1noticias\">Naci\u00f3 en Santo Domingo el 28 de agosto del 1987. Muestra inquietudes art\u00edsticas desde los cuatro a\u00f1os de edad, incursionando en el \u00e1rea con t\u00e9cnicas variadas como tempera, collage y acuarela.  Realiz\u00f3 estudios en la Universidad Aut\u00f3noma de Santo Domingo .<\/span><\/p>\n<\/p>\n<p><strong><em><u><span class=\"text1noticias\">Trayectoria<\/span><\/u><\/em><\/strong><\/p>\n<\/p>\n<p><strong><em><u><span class=\"text1noticias\">Ha participado en varias colectivas:<\/span><\/u><\/em><\/strong><\/p>\n<\/p>\n<p><span class=\"text1noticias\">\u00abArtistas al aire libre\u00bb, Santo Domingo 2002. \u00abD\u00eda del artista pl\u00e1stico\u00bb, Colegio Dominicano de Artistas Pl\u00e1sticos, Sto Dgo, 2002.<\/span><\/p>\n<p><span class=\"text1noticias\">\u00abUna Vida 100 amigos\u00bb, Centro de la Cultura de Santiago 2003.<\/span><\/p>\n<p><span class=\"text1noticias\">\u00abArtistas Pl\u00e1sticos con Jiman\u00ed\u00bb, CODAP 2004.<\/span><\/p>\n<p><span class=\"text1noticias\">Exposici\u00f3n \u00abLuz y Color\u00bb RD 2010.<\/span><\/p>\n<p><span class=\"text1noticias\">Y \u00abRa\u00edces del Caribe\u00bb,   RD 2011.  <\/span><\/p>\n<p><span class=\"text1noticias\"><strong><em><u>LA FERIA INTERNACIONAL:<\/u><\/em><\/strong><\/span><\/p>\n<\/p>\n<p><span class=\"text1noticias\">Artexpo New York 2012 es la m\u00e1s importante feria mundial del comercio del arte, realizada en los Estados Unidos por 30 a\u00f1os. Donde han participado artistas de todo el mundo con renombrada trayectoria en el arte contempor\u00e1neo, entre los cuales est\u00e1n Andy Warhol, Max Peter, Robert Rauschenberg, Robert Indiana y Leroy Neiman. <\/span><\/p>\n<\/p>\n<h6> 2012-02-20 21:20:37 <\/h6>\n<p><!--\n<link rel=\"stylesheet\" href=\"css\/bootstrap.min.css\">\n\n\n<ul class=\"pagination\">\n\t    \n\t\n\n<li >\n\t<a href='?page_no=17894'>Previous<\/a>\n\t<\/li>\n\n\n       \n    \n\n<li><a href='?page_no=1'>1<\/a><\/li>\n\n\n\n<li><a href='?page_no=2'>2<\/a><\/li>\n\n\n\n<li><a>...<\/a><\/li>\n\n\n\n<li><a href='?page_no=17893'>17893<\/a><\/li>\n\n\n\n<li><a href='?page_no=17894'>17894<\/a><\/li>\n\n\n\n<li class='active'><a>17895<\/a><\/li>\n\n\n\n<li><a href='?page_no=17896'>17896<\/a><\/li>\n\n\n\n<li><a href='?page_no=17897'>17897<\/a><\/li>\n\n\n\n<li><a>...<\/a><\/li>\n\n\n\n<li><a href='?page_no=22911'>22911<\/a><\/li>\n\n\n\n<li><a href='?page_no=22912'>22912<\/a><\/li>\n\n    \n\t\n\n<li >\n\t<a href='?page_no=17896'>Next<\/a>\n\t<\/li>\n\n\n    \n\n<li><a href='?page_no=22912'>Last &rsaquo;&rsaquo;<\/a><\/li>\n\n<\/ul>\n\n\n--><br \/>\n<\/body><\/p>\n","protected":false},"excerpt":{"rendered":"<p>SANTO DOMINGO, 20 Feb 2012.-La joven artista pl\u00e1stica dominicana, Orquidea de la Cruz Lara fue seleccionada recientemente para exponer sus obras m\u00e1s recientes del arte contempor\u00e1neo en la m\u00e1s importante feria del mundo \u00abArtexpo New York 2012-Pier 94\u00bb, a celebrarse del 30 de marzo al 1 de abril del presente a\u00f1o. La novel artista ha [&hellip;]<\/p>\n","protected":false},"author":3,"featured_media":0,"comment_status":"open","ping_status":"open","sticky":false,"template":"","format":"standard","meta":{"footnotes":""},"categories":[21],"tags":[],"class_list":["post-66217","post","type-post","status-publish","format-standard","hentry","category-cultura"],"_links":{"self":[{"href":"https:\/\/diariodominicano.com\/index.php?rest_route=\/wp\/v2\/posts\/66217","targetHints":{"allow":["GET"]}}],"collection":[{"href":"https:\/\/diariodominicano.com\/index.php?rest_route=\/wp\/v2\/posts"}],"about":[{"href":"https:\/\/diariodominicano.com\/index.php?rest_route=\/wp\/v2\/types\/post"}],"author":[{"embeddable":true,"href":"https:\/\/diariodominicano.com\/index.php?rest_route=\/wp\/v2\/users\/3"}],"replies":[{"embeddable":true,"href":"https:\/\/diariodominicano.com\/index.php?rest_route=%2Fwp%2Fv2%2Fcomments&post=66217"}],"version-history":[{"count":0,"href":"https:\/\/diariodominicano.com\/index.php?rest_route=\/wp\/v2\/posts\/66217\/revisions"}],"wp:attachment":[{"href":"https:\/\/diariodominicano.com\/index.php?rest_route=%2Fwp%2Fv2%2Fmedia&parent=66217"}],"wp:term":[{"taxonomy":"category","embeddable":true,"href":"https:\/\/diariodominicano.com\/index.php?rest_route=%2Fwp%2Fv2%2Fcategories&post=66217"},{"taxonomy":"post_tag","embeddable":true,"href":"https:\/\/diariodominicano.com\/index.php?rest_route=%2Fwp%2Fv2%2Ftags&post=66217"}],"curies":[{"name":"wp","href":"https:\/\/api.w.org\/{rel}","templated":true}]}}