{"id":66216,"date":"2012-02-20T21:29:47","date_gmt":"2012-02-20T21:29:47","guid":{"rendered":"http:\/\/diariodominicano.ddns.net\/?p=66216"},"modified":"2012-02-20T21:29:47","modified_gmt":"2012-02-20T21:29:47","slug":"cmd-realiza-ii-jornada-cientifico-gremial-pacientes-politraumatizados","status":"publish","type":"post","link":"https:\/\/diariodominicano.com\/?p=66216","title":{"rendered":"CMD realiza II jornada cient\u00edfico gremial \u00abPacientes Politraumatizados\u00bb&#13;"},"content":{"rendered":"<p><body><\/p>\n<p><img decoding=\"async\" src=\"img3\/yubelkis.JPG\" \/>  <\/p>\n<p><span class=\"text1noticias\">Rep.Dom, 20 de Febrero- La Regional del  Distrito Nacional del Colegio M\u00e9dico Dominicano (CMD) realiz\u00f3 su II Jornada Gremial del 2012, con el t\u00edtulo  \u00abPacientes  Politraumatizados; \u00daltimos Avances\u00bb, con el objetivo de que m\u00e9dicos especialistas se empoderen de nuevos conocimientos que surgen en la profesi\u00f3n y ofrezcan buenos resultados a la poblaci\u00f3n dominicana.<\/span><\/p>\n<\/p>\n<p><span class=\"text1noticias\">La  capacitaci\u00f3n donde participaron decenas de m\u00e9dicos  fue realizada en el Hospital Traumatol\u00f3gico Doctor Dar\u00edo Contreras, que dirige el doctor H\u00e9ctor Quezada, en el municipio Santo Domingo Este.<\/span><\/p>\n<\/p>\n<p><span class=\"text1noticias\">La presidenta de la Regional del CMD, doctora Yubelky Aquino Rojas manifest\u00f3 durante su discurso de bienvenida, que dentro de los objetivos de la jornada  est\u00e1 que los de m\u00e9dicos residentes de las \u00e1reas de  traumatolog\u00eda , emergenciolog\u00eda  y anestesia, desarrollen cada d\u00eda m\u00e1s sus conocimientos.<\/span><\/p>\n<\/p>\n<p><span class=\"text1noticias\">Asimismo,  Aquino Rojas destac\u00f3 la trascendencia del la actualizaci\u00f3n  cient\u00edfica de los profesionales de la salud, y lo provechoso del intercambio de experiencias y vivencias que se logra en cada evento de esta calidad.<\/span><\/p>\n<\/p>\n<p><span class=\"text1noticias\">Los expositores fueran los doctores Orlando Leraux, Michael Mart\u00ednez, ambos con sobrados conocimientos del \u00e1rea de traumatolog\u00eda.<\/span><\/p>\n<\/p>\n<p><span class=\"text1noticias\">Durante la II Jornada Cient\u00edfico Gremial se rindi\u00f3 un reconocimiento al prominente neurocirujano y catedr\u00e1tico  dominicano, el doctor  Osvaldo Mart\u00e9 Dur\u00e1n, el cual fue motivado por el doctor Wilman Fr\u00edas, y entregado por las doctoras Yubelky Aquino e In\u00e9s Brayan, secretaria general CMD y directora del ARS Semma de la  entidad, respectivamente.<\/span><\/p>\n<\/p>\n<p><span class=\"text1noticias\">En la motivaci\u00f3n, el doctor Fr\u00edas ley\u00f3 una semblanza de Mart\u00e9 Dur\u00e1n, en la que destac\u00f3 adem\u00e1s de su profesionalidad, su servicio educativo, su compromiso social y su vocaci\u00f3n filantr\u00f3pica.<\/span><\/p>\n<\/p>\n<p><span class=\"text1noticias\">El  homenajeado  agradeci\u00f3  el gesto de  la doctora Yubelky Aquino por brindarle un reconocimiento a su labor profesional, y aconsej\u00f3 a los j\u00f3venes  m\u00e9dicos a asumir un mayor compromiso gremial, como lo ha hecho su generaci\u00f3n, teniendo en cuenta que los gremios como el CMD, deber\u00e1n siempre mantener una constante lucha reivindicativa, pero tambi\u00e9n un servicio de compromiso con la sociedad dominicana<\/span>.<\/p>\n<\/p>\n<h6> 2012-02-20 21:29:47 <\/h6>\n<p><!--\n<link rel=\"stylesheet\" href=\"css\/bootstrap.min.css\">\n\n\n<ul class=\"pagination\">\n\t    \n\t\n\n<li >\n\t<a href='?page_no=17893'>Previous<\/a>\n\t<\/li>\n\n\n       \n    \n\n<li><a href='?page_no=1'>1<\/a><\/li>\n\n\n\n<li><a href='?page_no=2'>2<\/a><\/li>\n\n\n\n<li><a>...<\/a><\/li>\n\n\n\n<li><a href='?page_no=17892'>17892<\/a><\/li>\n\n\n\n<li><a href='?page_no=17893'>17893<\/a><\/li>\n\n\n\n<li class='active'><a>17894<\/a><\/li>\n\n\n\n<li><a href='?page_no=17895'>17895<\/a><\/li>\n\n\n\n<li><a href='?page_no=17896'>17896<\/a><\/li>\n\n\n\n<li><a>...<\/a><\/li>\n\n\n\n<li><a href='?page_no=22911'>22911<\/a><\/li>\n\n\n\n<li><a href='?page_no=22912'>22912<\/a><\/li>\n\n    \n\t\n\n<li >\n\t<a href='?page_no=17895'>Next<\/a>\n\t<\/li>\n\n\n    \n\n<li><a href='?page_no=22912'>Last &rsaquo;&rsaquo;<\/a><\/li>\n\n<\/ul>\n\n\n--><br \/>\n<\/body><\/p>\n","protected":false},"excerpt":{"rendered":"<p>Rep.Dom, 20 de Febrero- La Regional del Distrito Nacional del Colegio M\u00e9dico Dominicano (CMD) realiz\u00f3 su II Jornada Gremial del 2012, con el t\u00edtulo \u00abPacientes Politraumatizados; \u00daltimos Avances\u00bb, con el objetivo de que m\u00e9dicos especialistas se empoderen de nuevos conocimientos que surgen en la profesi\u00f3n y ofrezcan buenos resultados a la poblaci\u00f3n dominicana. La capacitaci\u00f3n [&hellip;]<\/p>\n","protected":false},"author":3,"featured_media":0,"comment_status":"open","ping_status":"open","sticky":false,"template":"","format":"standard","meta":{"footnotes":""},"categories":[21],"tags":[],"class_list":["post-66216","post","type-post","status-publish","format-standard","hentry","category-cultura"],"_links":{"self":[{"href":"https:\/\/diariodominicano.com\/index.php?rest_route=\/wp\/v2\/posts\/66216","targetHints":{"allow":["GET"]}}],"collection":[{"href":"https:\/\/diariodominicano.com\/index.php?rest_route=\/wp\/v2\/posts"}],"about":[{"href":"https:\/\/diariodominicano.com\/index.php?rest_route=\/wp\/v2\/types\/post"}],"author":[{"embeddable":true,"href":"https:\/\/diariodominicano.com\/index.php?rest_route=\/wp\/v2\/users\/3"}],"replies":[{"embeddable":true,"href":"https:\/\/diariodominicano.com\/index.php?rest_route=%2Fwp%2Fv2%2Fcomments&post=66216"}],"version-history":[{"count":0,"href":"https:\/\/diariodominicano.com\/index.php?rest_route=\/wp\/v2\/posts\/66216\/revisions"}],"wp:attachment":[{"href":"https:\/\/diariodominicano.com\/index.php?rest_route=%2Fwp%2Fv2%2Fmedia&parent=66216"}],"wp:term":[{"taxonomy":"category","embeddable":true,"href":"https:\/\/diariodominicano.com\/index.php?rest_route=%2Fwp%2Fv2%2Fcategories&post=66216"},{"taxonomy":"post_tag","embeddable":true,"href":"https:\/\/diariodominicano.com\/index.php?rest_route=%2Fwp%2Fv2%2Ftags&post=66216"}],"curies":[{"name":"wp","href":"https:\/\/api.w.org\/{rel}","templated":true}]}}