{"id":66215,"date":"2012-02-20T21:30:09","date_gmt":"2012-02-20T21:30:09","guid":{"rendered":"http:\/\/diariodominicano.ddns.net\/?p=66215"},"modified":"2012-02-20T21:30:09","modified_gmt":"2012-02-20T21:30:09","slug":"mpd-homenajea-a-11-martires-de-la-entidad-en-barahona-asesinados-en-los-12-anos-de-balaguer","status":"publish","type":"post","link":"https:\/\/diariodominicano.com\/?p=66215","title":{"rendered":"MPD homenajea a 11 m\u00e1rtires de la entidad en Barahona asesinados en los 12 a\u00f1os de Balaguer"},"content":{"rendered":"<p><body><\/p>\n<p><img decoding=\"async\" src=\"img3\/Juan Pablo Pelayo.JPG\" \/>  <\/p>\n<p><span class=\"text1noticias\">Teuddy A. S\u00e1nchez<\/span><\/p>\n<p><span class=\"text1noticias\">teuddysanchez@yahoo.es<\/span><\/p>\n<p><span class=\"text1noticias\"> <\/span><\/p>\n<p><span class=\"text1noticias\">BARAHONA, 20 Feb 2012.-l Movimiento Popular Dominicano (MPD), en esta ciudad,  rindi\u00f3 homenaje a 11 m\u00e1rtires de la organizaci\u00f3n que fueron asesinados y desaparecidos en el r\u00e9gimen de los 12 a\u00f1os de Joaqu\u00edn Balaguer.<\/span><\/p>\n<p><span class=\"text1noticias\"> <\/span><\/p>\n<p><span class=\"text1noticias\">El acto fue encabezado por el secretario general del MPD, licenciado Higinio B\u00e1ez y dirigentes de la entidad en esta ciudad y el Suroeste que se concentraron en el restauran el Laurel de aqu\u00ed.<\/span><\/p>\n<p><span class=\"text1noticias\"> <\/span><\/p>\n<p><span class=\"text1noticias\">Entre los homenajeados en el 56 aniversario de la organizaci\u00f3n izquierdista est\u00e1n Juan Pablo Pelayo F\u00e9liz, Luis F\u00e9liz, Ram\u00f3n Antonio Matos (Saquito) y Aquilino Segura (Soco).<\/span><\/p>\n<p><span class=\"text1noticias\"> <\/span><\/p>\n<p><span class=\"text1noticias\">Adem\u00e1s, de Negro Pe\u00f1a, Reservas F\u00e9liz, Cadete L\u00f3pez, C\u00e9sar Suero, Jorge Nin Carrasco, Ireno Olivero y Oscar Medina.<\/span><\/p>\n<\/p>\n<p><span class=\"text1noticias\">Familiares de los m\u00e1rtires emepede\u00edstas en esta ciudad, recibieron un pergamino de reconocimiento, quienes agradecieron el gesto de la direcci\u00f3n regional del MPD al recordar a sus familiares.<\/span><\/p>\n<p><span class=\"text1noticias\"> <\/span><\/p>\n<p><span class=\"text1noticias\">Por otro lado, B\u00e1ez  dijo que se requiere incentivar en el Suroeste la producci\u00f3n agropecuaria, industrial, tur\u00edstica, minera, as\u00ed como el intercambio comercial con Hait\u00ed, ampliando el mercado regional y local a fin de obtener alimentos a bajos precios.<\/span><\/p>\n<p><span class=\"text1noticias\"> <\/span><\/p>\n<p><span class=\"text1noticias\">Indico  que el MPD conoce la responsabilidad que le espera en el futuro post electoral y tiene la suficiente libertad y madurez para hacer pol\u00edtica hacia el poder, y que su misi\u00f3n apunta a una labor intensa de convivencia, inserci\u00f3n y organizaci\u00f3n del pueblo, a forjar y desarrollar poderosos instrumentos de lucha fundados en la participaci\u00f3n decidida y abierta de las masas.<\/span><\/p>\n<p><span class=\"text1noticias\"> <\/span><\/p>\n<p><span class=\"text1noticias\">\u00abEste partido renovado, joven y entusiasta tiene puestos los pies sobre esta realidad compleja en la que sin dejar de poner en primer lugar la defensa de los intereses de los trabajadores vemos como necesario defender tambi\u00e9n a los sectores medios, a los peque\u00f1os y medianos productores agropecuarios e industriales que sufren las consecuencias  de este modelo antinacional, que los amenaza y los destruye\u00bb, precisa.<\/span><\/p>\n<\/p>\n<\/p>\n<h6> 2012-02-20 21:30:09 <\/h6>\n<p><!--\n<link rel=\"stylesheet\" href=\"css\/bootstrap.min.css\">\n\n\n<ul class=\"pagination\">\n\t    \n\t\n\n<li >\n\t<a href='?page_no=17892'>Previous<\/a>\n\t<\/li>\n\n\n       \n    \n\n<li><a href='?page_no=1'>1<\/a><\/li>\n\n\n\n<li><a href='?page_no=2'>2<\/a><\/li>\n\n\n\n<li><a>...<\/a><\/li>\n\n\n\n<li><a href='?page_no=17891'>17891<\/a><\/li>\n\n\n\n<li><a href='?page_no=17892'>17892<\/a><\/li>\n\n\n\n<li class='active'><a>17893<\/a><\/li>\n\n\n\n<li><a href='?page_no=17894'>17894<\/a><\/li>\n\n\n\n<li><a href='?page_no=17895'>17895<\/a><\/li>\n\n\n\n<li><a>...<\/a><\/li>\n\n\n\n<li><a href='?page_no=22911'>22911<\/a><\/li>\n\n\n\n<li><a href='?page_no=22912'>22912<\/a><\/li>\n\n    \n\t\n\n<li >\n\t<a href='?page_no=17894'>Next<\/a>\n\t<\/li>\n\n\n    \n\n<li><a href='?page_no=22912'>Last &rsaquo;&rsaquo;<\/a><\/li>\n\n<\/ul>\n\n\n--><br \/>\n<\/body><\/p>\n","protected":false},"excerpt":{"rendered":"<p>Teuddy A. S\u00e1nchez teuddysanchez@yahoo.es BARAHONA, 20 Feb 2012.-l Movimiento Popular Dominicano (MPD), en esta ciudad, rindi\u00f3 homenaje a 11 m\u00e1rtires de la organizaci\u00f3n que fueron asesinados y desaparecidos en el r\u00e9gimen de los 12 a\u00f1os de Joaqu\u00edn Balaguer. El acto fue encabezado por el secretario general del MPD, licenciado Higinio B\u00e1ez y dirigentes de la [&hellip;]<\/p>\n","protected":false},"author":3,"featured_media":0,"comment_status":"open","ping_status":"open","sticky":false,"template":"","format":"standard","meta":{"footnotes":""},"categories":[21],"tags":[],"class_list":["post-66215","post","type-post","status-publish","format-standard","hentry","category-cultura"],"_links":{"self":[{"href":"https:\/\/diariodominicano.com\/index.php?rest_route=\/wp\/v2\/posts\/66215","targetHints":{"allow":["GET"]}}],"collection":[{"href":"https:\/\/diariodominicano.com\/index.php?rest_route=\/wp\/v2\/posts"}],"about":[{"href":"https:\/\/diariodominicano.com\/index.php?rest_route=\/wp\/v2\/types\/post"}],"author":[{"embeddable":true,"href":"https:\/\/diariodominicano.com\/index.php?rest_route=\/wp\/v2\/users\/3"}],"replies":[{"embeddable":true,"href":"https:\/\/diariodominicano.com\/index.php?rest_route=%2Fwp%2Fv2%2Fcomments&post=66215"}],"version-history":[{"count":0,"href":"https:\/\/diariodominicano.com\/index.php?rest_route=\/wp\/v2\/posts\/66215\/revisions"}],"wp:attachment":[{"href":"https:\/\/diariodominicano.com\/index.php?rest_route=%2Fwp%2Fv2%2Fmedia&parent=66215"}],"wp:term":[{"taxonomy":"category","embeddable":true,"href":"https:\/\/diariodominicano.com\/index.php?rest_route=%2Fwp%2Fv2%2Fcategories&post=66215"},{"taxonomy":"post_tag","embeddable":true,"href":"https:\/\/diariodominicano.com\/index.php?rest_route=%2Fwp%2Fv2%2Ftags&post=66215"}],"curies":[{"name":"wp","href":"https:\/\/api.w.org\/{rel}","templated":true}]}}