{"id":66214,"date":"2012-02-20T22:09:29","date_gmt":"2012-02-20T22:09:29","guid":{"rendered":"http:\/\/diariodominicano.ddns.net\/?p=66214"},"modified":"2012-02-20T22:09:29","modified_gmt":"2012-02-20T22:09:29","slug":"ponen-en-circulacion-matasellos-alusivo-al-mes-de-la-patria","status":"publish","type":"post","link":"https:\/\/diariodominicano.com\/?p=66214","title":{"rendered":"Ponen en circulaci\u00f3n Matasellos alusivo al Mes de la Patria"},"content":{"rendered":"<p><body><\/p>\n<p><img decoding=\"async\" src=\"img3\/matasellos.JPG\" \/>  <\/p>\n<p><span class=\"text1noticias\">Rep.Dom, 20 de febrero.- La Comisi\u00f3n Permanente de Efem\u00e9rides Patrias y el Instituto Postal Dominicano pusieron en uso un Matasellos conmemorativo del Mes de la Patria, como lo han venido haciendo en los \u00faltimos a\u00f1os.<\/span><\/p>\n<\/p>\n<p><span class=\"text1noticias\">El acto de presentaci\u00f3n fue encabezado por los titulares de ambas instituciones, el historiador Juan Daniel Balc\u00e1cer y Modesto Guzm\u00e1n  y realizado en el Sal\u00f3n de Conferencias de Inposdom.<\/span><\/p>\n<\/p>\n<p><span class=\"text1noticias\">El licenciado Balcacer habl\u00f3 sobre el patricio Juan Pablo Duarte y su orgullo de ser dominicano. <\/span><\/p>\n<\/p>\n<p><span class=\"text1noticias\">Explico que antes que la rep\u00fablica existiera ya exist\u00eda el gentilicio y que fue precisamente el ide\u00f3logo<\/span><\/p>\n<p><span class=\"text1noticias\">de La Trinitaria quien fund\u00f3 la Rep\u00fablica y le llamo Rep\u00fablica Dominicana.<\/span><\/p>\n<\/p>\n<p><span class=\"text1noticias\">Balc\u00e1cer agradeci\u00f3 al director del Correo el apoyo que le da a las festividades patrias con este Matasellos que recorre el mundo y a su vez, el doctor Guzm\u00e1n saludo la iniciativa y reitero su disposici\u00f3n a seguir apoyando a la Patria desde esta entidad.<\/span><\/p>\n<\/p>\n<p><span class=\"text1noticias\">En el acto estuvieron presentes el presidente del Instituto Duartiano, profesor Jos\u00e9 Joaqu\u00edn  P\u00e9rez Savi\u00f1\u00f3n, Catalina Deler de Mota, miembro de la Junta de Directores del Inposdom, el licenciado Jos\u00e9 Reyes, subdirector del Inposdom y Alejandro Vignieri, presidente de la Sociedad Filatelica Dominicana<\/span>.<\/p>\n<h6> 2012-02-20 22:09:29 <\/h6>\n<p><!--\n<link rel=\"stylesheet\" href=\"css\/bootstrap.min.css\">\n\n\n<ul class=\"pagination\">\n\t    \n\t\n\n<li >\n\t<a href='?page_no=17891'>Previous<\/a>\n\t<\/li>\n\n\n       \n    \n\n<li><a href='?page_no=1'>1<\/a><\/li>\n\n\n\n<li><a href='?page_no=2'>2<\/a><\/li>\n\n\n\n<li><a>...<\/a><\/li>\n\n\n\n<li><a href='?page_no=17890'>17890<\/a><\/li>\n\n\n\n<li><a href='?page_no=17891'>17891<\/a><\/li>\n\n\n\n<li class='active'><a>17892<\/a><\/li>\n\n\n\n<li><a href='?page_no=17893'>17893<\/a><\/li>\n\n\n\n<li><a href='?page_no=17894'>17894<\/a><\/li>\n\n\n\n<li><a>...<\/a><\/li>\n\n\n\n<li><a href='?page_no=22911'>22911<\/a><\/li>\n\n\n\n<li><a href='?page_no=22912'>22912<\/a><\/li>\n\n    \n\t\n\n<li >\n\t<a href='?page_no=17893'>Next<\/a>\n\t<\/li>\n\n\n    \n\n<li><a href='?page_no=22912'>Last &rsaquo;&rsaquo;<\/a><\/li>\n\n<\/ul>\n\n\n--><br \/>\n<\/body><\/p>\n","protected":false},"excerpt":{"rendered":"<p>Rep.Dom, 20 de febrero.- La Comisi\u00f3n Permanente de Efem\u00e9rides Patrias y el Instituto Postal Dominicano pusieron en uso un Matasellos conmemorativo del Mes de la Patria, como lo han venido haciendo en los \u00faltimos a\u00f1os. El acto de presentaci\u00f3n fue encabezado por los titulares de ambas instituciones, el historiador Juan Daniel Balc\u00e1cer y Modesto Guzm\u00e1n [&hellip;]<\/p>\n","protected":false},"author":3,"featured_media":0,"comment_status":"open","ping_status":"open","sticky":false,"template":"","format":"standard","meta":{"footnotes":""},"categories":[21],"tags":[],"class_list":["post-66214","post","type-post","status-publish","format-standard","hentry","category-cultura"],"_links":{"self":[{"href":"https:\/\/diariodominicano.com\/index.php?rest_route=\/wp\/v2\/posts\/66214","targetHints":{"allow":["GET"]}}],"collection":[{"href":"https:\/\/diariodominicano.com\/index.php?rest_route=\/wp\/v2\/posts"}],"about":[{"href":"https:\/\/diariodominicano.com\/index.php?rest_route=\/wp\/v2\/types\/post"}],"author":[{"embeddable":true,"href":"https:\/\/diariodominicano.com\/index.php?rest_route=\/wp\/v2\/users\/3"}],"replies":[{"embeddable":true,"href":"https:\/\/diariodominicano.com\/index.php?rest_route=%2Fwp%2Fv2%2Fcomments&post=66214"}],"version-history":[{"count":0,"href":"https:\/\/diariodominicano.com\/index.php?rest_route=\/wp\/v2\/posts\/66214\/revisions"}],"wp:attachment":[{"href":"https:\/\/diariodominicano.com\/index.php?rest_route=%2Fwp%2Fv2%2Fmedia&parent=66214"}],"wp:term":[{"taxonomy":"category","embeddable":true,"href":"https:\/\/diariodominicano.com\/index.php?rest_route=%2Fwp%2Fv2%2Fcategories&post=66214"},{"taxonomy":"post_tag","embeddable":true,"href":"https:\/\/diariodominicano.com\/index.php?rest_route=%2Fwp%2Fv2%2Ftags&post=66214"}],"curies":[{"name":"wp","href":"https:\/\/api.w.org\/{rel}","templated":true}]}}