{"id":66213,"date":"2012-02-21T12:42:15","date_gmt":"2012-02-21T12:42:15","guid":{"rendered":"http:\/\/diariodominicano.ddns.net\/?p=66213"},"modified":"2012-02-21T12:42:15","modified_gmt":"2012-02-21T12:42:15","slug":"presentaran-obra-literaria","status":"publish","type":"post","link":"https:\/\/diariodominicano.com\/?p=66213","title":{"rendered":"Presentar\u00e1n obra literaria"},"content":{"rendered":"<p><body><\/p>\n<p><span class=\"text1noticias\">Santo Domingo.- El Ministerio de la Cultura pondr\u00e1 a circular ma\u00f1ana la segunda edici\u00f3n de Anadel la Novela de la Gatrosof\u00eda del fallecido escritor y diplom\u00e1tico dominicano Julio Vega Batlle. <\/span><\/p>\n<\/p>\n<p><span class=\"text1noticias\">El acto tendr\u00e1 lugar en el Museo de las Casas Reales de la Zona Colonial.  La primera edici\u00f3n data del a\u00f1o 1976. <\/span><\/p>\n<h6> 2012-02-21 12:42:15 <\/h6>\n<p><!--\n<link rel=\"stylesheet\" href=\"css\/bootstrap.min.css\">\n\n\n<ul class=\"pagination\">\n\t    \n\t\n\n<li >\n\t<a href='?page_no=17890'>Previous<\/a>\n\t<\/li>\n\n\n       \n    \n\n<li><a href='?page_no=1'>1<\/a><\/li>\n\n\n\n<li><a href='?page_no=2'>2<\/a><\/li>\n\n\n\n<li><a>...<\/a><\/li>\n\n\n\n<li><a href='?page_no=17889'>17889<\/a><\/li>\n\n\n\n<li><a href='?page_no=17890'>17890<\/a><\/li>\n\n\n\n<li class='active'><a>17891<\/a><\/li>\n\n\n\n<li><a href='?page_no=17892'>17892<\/a><\/li>\n\n\n\n<li><a href='?page_no=17893'>17893<\/a><\/li>\n\n\n\n<li><a>...<\/a><\/li>\n\n\n\n<li><a href='?page_no=22911'>22911<\/a><\/li>\n\n\n\n<li><a href='?page_no=22912'>22912<\/a><\/li>\n\n    \n\t\n\n<li >\n\t<a href='?page_no=17892'>Next<\/a>\n\t<\/li>\n\n\n    \n\n<li><a href='?page_no=22912'>Last &rsaquo;&rsaquo;<\/a><\/li>\n\n<\/ul>\n\n\n--><br \/>\n<\/body><\/p>\n","protected":false},"excerpt":{"rendered":"<p>Santo Domingo.- El Ministerio de la Cultura pondr\u00e1 a circular ma\u00f1ana la segunda edici\u00f3n de Anadel la Novela de la Gatrosof\u00eda del fallecido escritor y diplom\u00e1tico dominicano Julio Vega Batlle. El acto tendr\u00e1 lugar en el Museo de las Casas Reales de la Zona Colonial. La primera edici\u00f3n data del a\u00f1o 1976. 2012-02-21 12:42:15<\/p>\n","protected":false},"author":3,"featured_media":0,"comment_status":"open","ping_status":"open","sticky":false,"template":"","format":"standard","meta":{"footnotes":""},"categories":[21],"tags":[],"class_list":["post-66213","post","type-post","status-publish","format-standard","hentry","category-cultura"],"_links":{"self":[{"href":"https:\/\/diariodominicano.com\/index.php?rest_route=\/wp\/v2\/posts\/66213","targetHints":{"allow":["GET"]}}],"collection":[{"href":"https:\/\/diariodominicano.com\/index.php?rest_route=\/wp\/v2\/posts"}],"about":[{"href":"https:\/\/diariodominicano.com\/index.php?rest_route=\/wp\/v2\/types\/post"}],"author":[{"embeddable":true,"href":"https:\/\/diariodominicano.com\/index.php?rest_route=\/wp\/v2\/users\/3"}],"replies":[{"embeddable":true,"href":"https:\/\/diariodominicano.com\/index.php?rest_route=%2Fwp%2Fv2%2Fcomments&post=66213"}],"version-history":[{"count":0,"href":"https:\/\/diariodominicano.com\/index.php?rest_route=\/wp\/v2\/posts\/66213\/revisions"}],"wp:attachment":[{"href":"https:\/\/diariodominicano.com\/index.php?rest_route=%2Fwp%2Fv2%2Fmedia&parent=66213"}],"wp:term":[{"taxonomy":"category","embeddable":true,"href":"https:\/\/diariodominicano.com\/index.php?rest_route=%2Fwp%2Fv2%2Fcategories&post=66213"},{"taxonomy":"post_tag","embeddable":true,"href":"https:\/\/diariodominicano.com\/index.php?rest_route=%2Fwp%2Fv2%2Ftags&post=66213"}],"curies":[{"name":"wp","href":"https:\/\/api.w.org\/{rel}","templated":true}]}}