{"id":66212,"date":"2012-02-21T15:23:20","date_gmt":"2012-02-21T15:23:20","guid":{"rendered":"http:\/\/diariodominicano.ddns.net\/?p=66212"},"modified":"2012-02-21T15:23:20","modified_gmt":"2012-02-21T15:23:20","slug":"miembros-del-tse-depositan-ofrenda-en-el-altar-de-la-patria","status":"publish","type":"post","link":"https:\/\/diariodominicano.com\/?p=66212","title":{"rendered":"Miembros del TSE depositan ofrenda en el Altar de la Patria"},"content":{"rendered":"<p><body><\/p>\n<p><img decoding=\"async\" src=\"img3\/Mariano Rodriguez y demas jueces.JPG\" \/>  <\/p>\n<p><span class=\"text1noticias\">Santo Domingo, RD, 21 febrero.- El presidente del Tribunal Superior Electoral jur\u00f3 ante los Padres de la Patria cumplir con la misi\u00f3n de tutelar las garant\u00edas para el ejercicio de los derechos de la ciudadan\u00eda, administrando justicia en representaci\u00f3n del pueblo, del que emanan todos los poderes.<\/span><\/p>\n<\/p>\n<p><span class=\"text1noticias\">Mariano Am\u00e9rico Rodr\u00edguez Rijo  se comprometi\u00f3 a asumir ese compromiso en una ofrenda floral que depositaron \u00e9l y los dem\u00e1s jueces titulares del organismo en el Altar de la Patria, con motivo del Mes de la Patria.<\/span><\/p>\n<\/p>\n<p><span class=\"text1noticias\">Asimismo, expres\u00f3 que cumplir\u00e1n con el deber de contribuir con el fortalecimiento de la democracia y del Estado Constitucional de Derechos.<\/span><\/p>\n<\/p>\n<p><span class=\"text1noticias\">Acogi\u00f3 la sentencia de Juan pablo Duarte, \u00abSed justos lo primero, si quer\u00e9is ser felices\u00bb y pidi\u00f3 que \u00ab\u00e9ste sea nuestro norte ante cualquier situaci\u00f3n\u00bb. Declar\u00f3 que si as\u00ed lo hicieren habr\u00e1n obrado a favor de la felicidad de ellos mismos y del pueblo dominicano.<\/span><\/p>\n<\/p>\n<p><span class=\"text1noticias\">Mariano Rodr\u00edguez estuvo acompa\u00f1ado por los jueces Mabel Feliz B\u00e1ez, Marino Mendoza, John Guilliani y Jos\u00e9 Manuel Hern\u00e1ndez Peguero. Estuvieron presentes, adem\u00e1s, representantes de instituciones gubernamentales. Durante este mes, la Comisi\u00f3n Permanente de Efem\u00e9rides Patrias ha designado un d\u00eda a cada organismo del Estado para rendir tributo a los Padres de la Patria<\/span>.<\/p>\n<h6> 2012-02-21 15:23:20 <\/h6>\n<p><!--\n<link rel=\"stylesheet\" href=\"css\/bootstrap.min.css\">\n\n\n<ul class=\"pagination\">\n\t    \n\t\n\n<li >\n\t<a href='?page_no=17889'>Previous<\/a>\n\t<\/li>\n\n\n       \n    \n\n<li><a href='?page_no=1'>1<\/a><\/li>\n\n\n\n<li><a href='?page_no=2'>2<\/a><\/li>\n\n\n\n<li><a>...<\/a><\/li>\n\n\n\n<li><a href='?page_no=17888'>17888<\/a><\/li>\n\n\n\n<li><a href='?page_no=17889'>17889<\/a><\/li>\n\n\n\n<li class='active'><a>17890<\/a><\/li>\n\n\n\n<li><a href='?page_no=17891'>17891<\/a><\/li>\n\n\n\n<li><a href='?page_no=17892'>17892<\/a><\/li>\n\n\n\n<li><a>...<\/a><\/li>\n\n\n\n<li><a href='?page_no=22911'>22911<\/a><\/li>\n\n\n\n<li><a href='?page_no=22912'>22912<\/a><\/li>\n\n    \n\t\n\n<li >\n\t<a href='?page_no=17891'>Next<\/a>\n\t<\/li>\n\n\n    \n\n<li><a href='?page_no=22912'>Last &rsaquo;&rsaquo;<\/a><\/li>\n\n<\/ul>\n\n\n--><br \/>\n<\/body><\/p>\n","protected":false},"excerpt":{"rendered":"<p>Santo Domingo, RD, 21 febrero.- El presidente del Tribunal Superior Electoral jur\u00f3 ante los Padres de la Patria cumplir con la misi\u00f3n de tutelar las garant\u00edas para el ejercicio de los derechos de la ciudadan\u00eda, administrando justicia en representaci\u00f3n del pueblo, del que emanan todos los poderes. Mariano Am\u00e9rico Rodr\u00edguez Rijo se comprometi\u00f3 a asumir [&hellip;]<\/p>\n","protected":false},"author":3,"featured_media":0,"comment_status":"open","ping_status":"open","sticky":false,"template":"","format":"standard","meta":{"footnotes":""},"categories":[21],"tags":[],"class_list":["post-66212","post","type-post","status-publish","format-standard","hentry","category-cultura"],"_links":{"self":[{"href":"https:\/\/diariodominicano.com\/index.php?rest_route=\/wp\/v2\/posts\/66212","targetHints":{"allow":["GET"]}}],"collection":[{"href":"https:\/\/diariodominicano.com\/index.php?rest_route=\/wp\/v2\/posts"}],"about":[{"href":"https:\/\/diariodominicano.com\/index.php?rest_route=\/wp\/v2\/types\/post"}],"author":[{"embeddable":true,"href":"https:\/\/diariodominicano.com\/index.php?rest_route=\/wp\/v2\/users\/3"}],"replies":[{"embeddable":true,"href":"https:\/\/diariodominicano.com\/index.php?rest_route=%2Fwp%2Fv2%2Fcomments&post=66212"}],"version-history":[{"count":0,"href":"https:\/\/diariodominicano.com\/index.php?rest_route=\/wp\/v2\/posts\/66212\/revisions"}],"wp:attachment":[{"href":"https:\/\/diariodominicano.com\/index.php?rest_route=%2Fwp%2Fv2%2Fmedia&parent=66212"}],"wp:term":[{"taxonomy":"category","embeddable":true,"href":"https:\/\/diariodominicano.com\/index.php?rest_route=%2Fwp%2Fv2%2Fcategories&post=66212"},{"taxonomy":"post_tag","embeddable":true,"href":"https:\/\/diariodominicano.com\/index.php?rest_route=%2Fwp%2Fv2%2Ftags&post=66212"}],"curies":[{"name":"wp","href":"https:\/\/api.w.org\/{rel}","templated":true}]}}