{"id":66211,"date":"2012-02-21T17:35:59","date_gmt":"2012-02-21T17:35:59","guid":{"rendered":"http:\/\/diariodominicano.ddns.net\/?p=66211"},"modified":"2012-02-21T17:35:59","modified_gmt":"2012-02-21T17:35:59","slug":"cultura-y-el-inposdom-emiten-sello-postal-alusivo-al-carnaval","status":"publish","type":"post","link":"https:\/\/diariodominicano.com\/?p=66211","title":{"rendered":"Cultura y el INPOSDOM emiten sello postal alusivo al carnaval"},"content":{"rendered":"<p><body><\/p>\n<p><img decoding=\"async\" src=\"img3\/Sellos carnaval Dom 1.JPG\" \/><br \/><img decoding=\"async\" src=\"img3\/Sellos carnaval Dom acto present.JPG\" \/>  <\/p>\n<p><span class=\"text1noticias\">Santo Domingo, RD, 21 de febrero del 2012 .-   El Ministerio de Cultura (MINC), el Instituto Postal Dominicano (INPOSDOM) y la Comisi\u00f3n Oficial Filat\u00e9lica pusieron en circulaci\u00f3n una nueva emisi\u00f3n de sellos postales, con im\u00e1genes alusivas al carnaval dominicano, en una ceremonia efectuada en la Sala de Arte Ram\u00f3n Oviedo.<\/span><\/p>\n<\/p>\n<p><span class=\"text1noticias\">La actividad fue presidida por las viceministras de Cultura, Lourdes Camilo de Cuello y Bernarda Jorge; el director de Gesti\u00f3n Cultural y Carnaval, Ram\u00f3n Lachapelle, el director del Imposdom, licenciado Modesto Guzm\u00e1n y el presidente de la Sociedad Filat\u00e9lica, arquitecto Alejandro Vignieri.<\/span><\/p>\n<\/p>\n<p><span class=\"text1noticias\">Esta emisi\u00f3n postal denominada \u00abCarnaval Dominicano\u00bb cuenta con cincuenta sellos diferentes, con los que se busca exaltar la riqueza folcl\u00f3rica nacional y mostrar la creatividad de los dominicanos por medio de los rostros y m\u00e1scaras de los carnavales, a trav\u00e9s de la geograf\u00eda nacional.<\/span><\/p>\n<\/p>\n<p><span class=\"text1noticias\">La nueva estampilla, dise\u00f1ada por el arquitecto Alejandro Vignieri y con fotograf\u00edas de Mariano Hern\u00e1ndez Betances, tiene un valor de 20 pesos dominicanos; su tirada fue de 150 mil  ejemplares. La misma se design\u00f3 bajo el decreto presidencial numero 761-11 del 28 de diciembre del 2011.<\/span><\/p>\n<\/p>\n<p><span class=\"text1noticias\">La licenciada Bernarda Jorge expres\u00f3, en nombre del ministro Jos\u00e9 Rafael Lantigua, regocijo por la emisi\u00f3n de los sellos, y en seguida, destac\u00f3 que es la primera vez que se ponen en circulaci\u00f3n sellos del carnaval dominicano.<\/span><\/p>\n<\/p>\n<p><span class=\"text1noticias\">Dijo que esas im\u00e1genes recorrer\u00e1n el pa\u00eds y el mundo, y que m\u00faltiples culturas entrar\u00e1n en contacto con la diversidad de las expresiones del carnaval y sus distintos personajes.<\/span><\/p>\n<\/p>\n<p><span class=\"text1noticias\">Refiri\u00f3 que para la Rep\u00fablica Dominicana las celebraciones carnavalescas son las m\u00e1s representativas de la creatividad y el arte popular, y aprovech\u00f3 para agradecer al Imposdom y todos sus funcionarios por la dedicaci\u00f3n, para hacer realidad la emisi\u00f3n de estos sellos postales. <\/span><\/p>\n<p><span class=\"text1noticias\">De su lado, Modesto Guzm\u00e1n dijo que los sellos reflejan el colorido, la alegr\u00eda y la creatividad de la historia del pueblo dominicano, y que este es el mes de expresar las realidades, los temores, las alegr\u00edas y esperanzas del pueblo.<\/span><\/p>\n<\/p>\n<p><span class=\"text1noticias\">Al final, los presentes disfrutaron una breve presentaci\u00f3n de distintos personajes del carnaval de los barrios de Villa Juana, Cristo Rey, Villa Francisca y Santo Domingo Este, que llenaron de colorido el Lobby y la Sala de Arte Ram\u00f3n Oviedo<\/span>.<\/p>\n<h6> 2012-02-21 17:35:59 <\/h6>\n<p><!--\n<link rel=\"stylesheet\" href=\"css\/bootstrap.min.css\">\n\n\n<ul class=\"pagination\">\n\t    \n\t\n\n<li >\n\t<a href='?page_no=17888'>Previous<\/a>\n\t<\/li>\n\n\n       \n    \n\n<li><a href='?page_no=1'>1<\/a><\/li>\n\n\n\n<li><a href='?page_no=2'>2<\/a><\/li>\n\n\n\n<li><a>...<\/a><\/li>\n\n\n\n<li><a href='?page_no=17887'>17887<\/a><\/li>\n\n\n\n<li><a href='?page_no=17888'>17888<\/a><\/li>\n\n\n\n<li class='active'><a>17889<\/a><\/li>\n\n\n\n<li><a href='?page_no=17890'>17890<\/a><\/li>\n\n\n\n<li><a href='?page_no=17891'>17891<\/a><\/li>\n\n\n\n<li><a>...<\/a><\/li>\n\n\n\n<li><a href='?page_no=22911'>22911<\/a><\/li>\n\n\n\n<li><a href='?page_no=22912'>22912<\/a><\/li>\n\n    \n\t\n\n<li >\n\t<a href='?page_no=17890'>Next<\/a>\n\t<\/li>\n\n\n    \n\n<li><a href='?page_no=22912'>Last &rsaquo;&rsaquo;<\/a><\/li>\n\n<\/ul>\n\n\n--><br \/>\n<\/body><\/p>\n","protected":false},"excerpt":{"rendered":"<p>Santo Domingo, RD, 21 de febrero del 2012 .- El Ministerio de Cultura (MINC), el Instituto Postal Dominicano (INPOSDOM) y la Comisi\u00f3n Oficial Filat\u00e9lica pusieron en circulaci\u00f3n una nueva emisi\u00f3n de sellos postales, con im\u00e1genes alusivas al carnaval dominicano, en una ceremonia efectuada en la Sala de Arte Ram\u00f3n Oviedo. La actividad fue presidida por [&hellip;]<\/p>\n","protected":false},"author":3,"featured_media":0,"comment_status":"open","ping_status":"open","sticky":false,"template":"","format":"standard","meta":{"footnotes":""},"categories":[21],"tags":[],"class_list":["post-66211","post","type-post","status-publish","format-standard","hentry","category-cultura"],"_links":{"self":[{"href":"https:\/\/diariodominicano.com\/index.php?rest_route=\/wp\/v2\/posts\/66211","targetHints":{"allow":["GET"]}}],"collection":[{"href":"https:\/\/diariodominicano.com\/index.php?rest_route=\/wp\/v2\/posts"}],"about":[{"href":"https:\/\/diariodominicano.com\/index.php?rest_route=\/wp\/v2\/types\/post"}],"author":[{"embeddable":true,"href":"https:\/\/diariodominicano.com\/index.php?rest_route=\/wp\/v2\/users\/3"}],"replies":[{"embeddable":true,"href":"https:\/\/diariodominicano.com\/index.php?rest_route=%2Fwp%2Fv2%2Fcomments&post=66211"}],"version-history":[{"count":0,"href":"https:\/\/diariodominicano.com\/index.php?rest_route=\/wp\/v2\/posts\/66211\/revisions"}],"wp:attachment":[{"href":"https:\/\/diariodominicano.com\/index.php?rest_route=%2Fwp%2Fv2%2Fmedia&parent=66211"}],"wp:term":[{"taxonomy":"category","embeddable":true,"href":"https:\/\/diariodominicano.com\/index.php?rest_route=%2Fwp%2Fv2%2Fcategories&post=66211"},{"taxonomy":"post_tag","embeddable":true,"href":"https:\/\/diariodominicano.com\/index.php?rest_route=%2Fwp%2Fv2%2Ftags&post=66211"}],"curies":[{"name":"wp","href":"https:\/\/api.w.org\/{rel}","templated":true}]}}