{"id":66210,"date":"2012-02-21T20:33:48","date_gmt":"2012-02-21T20:33:48","guid":{"rendered":"http:\/\/diariodominicano.ddns.net\/?p=66210"},"modified":"2012-02-21T20:33:48","modified_gmt":"2012-02-21T20:33:48","slug":"ponen-a-circular-obra-compadre-padre-juan-en-moca","status":"publish","type":"post","link":"https:\/\/diariodominicano.com\/?p=66210","title":{"rendered":"&#13;Ponen a circular obra \u00abCompadre Padre Juan\u00bb en Moca"},"content":{"rendered":"<p><body><\/p>\n<p><img decoding=\"async\" src=\"img3\/libro compadre padre juan1.jpg\" \/><br \/><img decoding=\"async\" src=\"img3\/libro compadre padre juan2.jpg\" \/>  <\/p>\n<p><span class=\"text1noticias\">Moca, Espaillat, 21 Feb 2012.- Recibiendo el apoyo de la Oficina de Gesti\u00f3n Senatorial de Espaillat, del senador Jos\u00e9 Rafael Vargas, se puso en circulaci\u00f3n el libro \u00abCompadre Padre Juan\u00bb de la autor\u00eda de Rosalina Perdomo Montalvo en un bonito acto celebrado en el teatro Don Bosco de Moca.<\/span><\/p>\n<p><span class=\"text1noticias\"> <\/span><\/p>\n<p><span class=\"text1noticias\">La obra que contiene 172 p\u00e1ginas de testimonios del padre Juan Montalvo Arzeno, es una forma de dar a conocer las convicciones y la vida ejemplar de un dominicano que en apenas 11 a\u00f1os de trabajo apost\u00f3lico pos-sacerdotal en el pa\u00eds, dej\u00f3 una cosecha que corresponde a una larga vida como destacara el Dr. Luis Emilio Montalvo.<\/span><\/p>\n<p><span class=\"text1noticias\"> <\/span><\/p>\n<p><span class=\"text1noticias\">La sobrina del padre Juan Montalvo (la joven Rosalina Montalvo), destac\u00f3 en la actividad que dos de los principales motivos para que el libro se realizara era que su adorable madre do\u00f1a Julia y hermana de Juan disfrutara de la publicaci\u00f3n, pero lamentablemente muri\u00f3 meses antes de salir, sin embargo pudo ofrecer sus propios testimonios y leer el borrador, apunt\u00f3.<\/span><\/p>\n<p><span class=\"text1noticias\"> <\/span><\/p>\n<p><span class=\"text1noticias\">Otras de las causas era el 60 aniversario de la entrada del Padre Juan Montalvo al seminario Pontificio Santo Tomas de Aquino, a la edad de 15 a\u00f1os.<\/span><\/p>\n<p><span class=\"text1noticias\"> <\/span><\/p>\n<p><span class=\"text1noticias\">Tambi\u00e9n resalt\u00f3 el trabajo fotogr\u00e1fico que aparece en el libro, apuntando que tienen varias procedencias y datan de diferentes etapas de la vida del Padre Juan. La mayor\u00eda de ellas guardadas por su madre Rosa y ella que se ocuparon de colocarlas en lugares especiales para su conservaci\u00f3n.<\/span><\/p>\n<p><span class=\"text1noticias\"> <\/span><\/p>\n<p><span class=\"text1noticias\">El senador Jos\u00e9 Rafael Vargas, en su intervenci\u00f3n afirm\u00f3 que Moca ha sido privilegiada de tener un hombre de las cualidades como ser humano, como sacerdote, religioso jesuita, acad\u00e9mico y como dominicano ejemplar que fue el padre Juan Montalvo.<\/span><\/p>\n<p><span class=\"text1noticias\"> <\/span><\/p>\n<p><span class=\"text1noticias\">\u00abUna de las cualidades que sin duda todos resaltan en este hombre de bien es su sencillez, su humildad, su austeridad. Y esto resalta m\u00e1s, al tratarse de un hombre cultivado en el dominio de varias lenguas; con estudios profundos en las ciencias sociales, de las cuales hizo gala de sus conocimientos en las aulas de la Universidad Cat\u00f3lica Madre y Maestra de Santiago\u00bb. <\/span><\/p>\n<p><span class=\"text1noticias\"> <\/span><\/p>\n<p><span class=\"text1noticias\">Asimismo agradeci\u00f3 el gesto de las familias Montalvo-Arzeno y Perdomo Montalvo, de venir a su pueblo a poner en circulaci\u00f3n una obra testimonial sobre el padre Montalvo, precisamente el d\u00eda en que cumplir\u00eda 76 a\u00f1os si estuviera f\u00edsicamente entre nosotros se\u00f1al\u00f3.<\/span><\/p>\n<p><span class=\"text1noticias\"> <\/span><\/p>\n<p><span class=\"text1noticias\">Igualmente ofrecieron sus testimonios el padre Jos\u00e9 N\u00fa\u00f1ez, el Dr. Luis Emilio Montalvo Arzeno, Luis Brache y Julio Brache sobre este gran ser humano que naci\u00f3 en Moca en el 1936 y muri\u00f3 el 09 de enero del 1979, con apenas 42 a\u00f1os de edad.<\/span><\/p>\n<p><span class=\"text1noticias\"> <\/span><\/p>\n<p><span class=\"text1noticias\">Al terminar el acto el senador Jos\u00e9 Rafael Vargas, entreg\u00f3 varios ejemplares del libro del Santuario Sagrado Coraz\u00f3n de Jes\u00fas a los familiares del padre Juan Montalvo, el cual tambi\u00e9n fue parte de la construcci\u00f3n del templo hist\u00f3rico de Moca. <\/span><\/p>\n<p><span class=\"text1noticias\"> <\/span><\/p>\n<\/p>\n<h6> 2012-02-21 20:33:48 <\/h6>\n<p><!--\n<link rel=\"stylesheet\" href=\"css\/bootstrap.min.css\">\n\n\n<ul class=\"pagination\">\n\t    \n\t\n\n<li >\n\t<a href='?page_no=17887'>Previous<\/a>\n\t<\/li>\n\n\n       \n    \n\n<li><a href='?page_no=1'>1<\/a><\/li>\n\n\n\n<li><a href='?page_no=2'>2<\/a><\/li>\n\n\n\n<li><a>...<\/a><\/li>\n\n\n\n<li><a href='?page_no=17886'>17886<\/a><\/li>\n\n\n\n<li><a href='?page_no=17887'>17887<\/a><\/li>\n\n\n\n<li class='active'><a>17888<\/a><\/li>\n\n\n\n<li><a href='?page_no=17889'>17889<\/a><\/li>\n\n\n\n<li><a href='?page_no=17890'>17890<\/a><\/li>\n\n\n\n<li><a>...<\/a><\/li>\n\n\n\n<li><a href='?page_no=22911'>22911<\/a><\/li>\n\n\n\n<li><a href='?page_no=22912'>22912<\/a><\/li>\n\n    \n\t\n\n<li >\n\t<a href='?page_no=17889'>Next<\/a>\n\t<\/li>\n\n\n    \n\n<li><a href='?page_no=22912'>Last &rsaquo;&rsaquo;<\/a><\/li>\n\n<\/ul>\n\n\n--><br \/>\n<\/body><\/p>\n","protected":false},"excerpt":{"rendered":"<p>Moca, Espaillat, 21 Feb 2012.- Recibiendo el apoyo de la Oficina de Gesti\u00f3n Senatorial de Espaillat, del senador Jos\u00e9 Rafael Vargas, se puso en circulaci\u00f3n el libro \u00abCompadre Padre Juan\u00bb de la autor\u00eda de Rosalina Perdomo Montalvo en un bonito acto celebrado en el teatro Don Bosco de Moca. La obra que contiene 172 p\u00e1ginas [&hellip;]<\/p>\n","protected":false},"author":3,"featured_media":0,"comment_status":"open","ping_status":"open","sticky":false,"template":"","format":"standard","meta":{"footnotes":""},"categories":[21],"tags":[],"class_list":["post-66210","post","type-post","status-publish","format-standard","hentry","category-cultura"],"_links":{"self":[{"href":"https:\/\/diariodominicano.com\/index.php?rest_route=\/wp\/v2\/posts\/66210","targetHints":{"allow":["GET"]}}],"collection":[{"href":"https:\/\/diariodominicano.com\/index.php?rest_route=\/wp\/v2\/posts"}],"about":[{"href":"https:\/\/diariodominicano.com\/index.php?rest_route=\/wp\/v2\/types\/post"}],"author":[{"embeddable":true,"href":"https:\/\/diariodominicano.com\/index.php?rest_route=\/wp\/v2\/users\/3"}],"replies":[{"embeddable":true,"href":"https:\/\/diariodominicano.com\/index.php?rest_route=%2Fwp%2Fv2%2Fcomments&post=66210"}],"version-history":[{"count":0,"href":"https:\/\/diariodominicano.com\/index.php?rest_route=\/wp\/v2\/posts\/66210\/revisions"}],"wp:attachment":[{"href":"https:\/\/diariodominicano.com\/index.php?rest_route=%2Fwp%2Fv2%2Fmedia&parent=66210"}],"wp:term":[{"taxonomy":"category","embeddable":true,"href":"https:\/\/diariodominicano.com\/index.php?rest_route=%2Fwp%2Fv2%2Fcategories&post=66210"},{"taxonomy":"post_tag","embeddable":true,"href":"https:\/\/diariodominicano.com\/index.php?rest_route=%2Fwp%2Fv2%2Ftags&post=66210"}],"curies":[{"name":"wp","href":"https:\/\/api.w.org\/{rel}","templated":true}]}}