{"id":66209,"date":"2012-02-22T17:48:18","date_gmt":"2012-02-22T17:48:18","guid":{"rendered":"http:\/\/diariodominicano.ddns.net\/?p=66209"},"modified":"2012-02-22T17:48:18","modified_gmt":"2012-02-22T17:48:18","slug":"cuba-los-libros-y-su-feria-por-la-isla","status":"publish","type":"post","link":"https:\/\/diariodominicano.com\/?p=66209","title":{"rendered":"Cuba, los libros y su feria por la isla"},"content":{"rendered":"<p><body><\/p>\n<p><span class=\"text1noticias\"> \t \t <\/span><\/p>\n<p><span class=\"text1noticias\">Por Adalys Pilar Mireles<\/span><\/p>\n<\/p>\n<p><span class=\"text1noticias\">Pinar del R\u00edo, Cuba, 22 feb(PL).-  La escritora cubana Nercys Felipe, Premio Nacional de Literatura 2011, elogi\u00f3 hoy el abrazo de la XXI Feria Internacional del Libro a las culturas del Caribe y su alcance como verdadero suceso editorial.<\/span><\/p>\n<\/p>\n<p><span class=\"text1noticias\">Durante la apertura aqu\u00ed del segundo cap\u00edtulo de la fiesta literaria, la poetisa y narradora asever\u00f3 que los pueblos caribe\u00f1os est\u00e1n unidos por ra\u00edces, historias compartidas, huracanes y la brisa del mar.<\/span><\/p>\n<\/p>\n<p><span class=\"text1noticias\">Record\u00f3 que hasta mediados del pasado siglo, era preciso adquirir en La Habana los textos deseados por los habitantes de este territorio y otras provincias del pa\u00eds.<\/span><\/p>\n<\/p>\n<p><span class=\"text1noticias\">S\u00f3lo en Pinar del R\u00edo, la fiesta de las letras pone a disposici\u00f3n de los lectores m\u00e1s de tres mil t\u00edtulos, 300 de ellos novedades editoriales, dijo.<\/span><\/p>\n<\/p>\n<p><span class=\"text1noticias\">Felipe, dedicada durante d\u00e9cadas a la literatura infantil, afirm\u00f3 que educar a los ni\u00f1os en la afici\u00f3n por la lectura les regala un nuevo gusto, nuevos o\u00eddos, nuevos ojos y un nuevo coraz\u00f3n.<\/span><\/p>\n<\/p>\n<p><span class=\"text1noticias\">Y cuando lleguen los momentos de desilusi\u00f3n, el dolor, las ca\u00eddas que siempre vienen, podr\u00e1n encontrar entonces en el texto amado o en un poema, el sustento y aliento, a\u00f1adi\u00f3 en las palabras de bienvenida al acontecimiento, de gran arraigo popular.<\/span><\/p>\n<\/p>\n<p><span class=\"text1noticias\">Reconocidos intelectuales como el escritor Ambrosio Fornet y el ministro de Cultura Abel Prieto, viajaron a esta provincia para presenciar el estreno de la feria, ahora de recorrido por el occidente y centro de la isla.<\/span><\/p>\n<\/p>\n<p><span class=\"text1noticias\">Iniciada en d\u00edas pasados en La Habana, logr\u00f3 ventas superiores a los 600 mil vol\u00famenes y una afluencia de 270 mil personas.<\/span><\/p>\n<\/p>\n<p><span class=\"text1noticias\">Quer\u00edamos reflejar la diversidad no s\u00f3lo de los pueblos caribe\u00f1os, sino de todos los que confluyen o dejaron su huella en el \u00e1rea, ese era el reto, coment\u00f3 la presidenta del Instituto Cubano del Libro, Zuleica Romay, Premio Casa de las Am\u00e9ricas.<\/span><\/p>\n<\/p>\n<p><span class=\"text1noticias\">Conversatorios, conciertos de agrupaciones y solistas, acompa\u00f1ar\u00e1n aqu\u00ed la festividad, ocasi\u00f3n para homenajear a Nercys Felipe y a otros creadores locales.<\/span><\/p>\n<\/p>\n<p><span class=\"text1noticias\">Un sello exclusivo de la zona, distante unos 140 kil\u00f3metros de La Habana, es la presencia de las casas editoriales Hermanos Loynaz y Cauce, con casi una veintena de propuestas<\/span>.<\/p>\n<h6> 2012-02-22 17:48:18 <\/h6>\n<p><!--\n<link rel=\"stylesheet\" href=\"css\/bootstrap.min.css\">\n\n\n<ul class=\"pagination\">\n\t    \n\t\n\n<li >\n\t<a href='?page_no=17886'>Previous<\/a>\n\t<\/li>\n\n\n       \n    \n\n<li><a href='?page_no=1'>1<\/a><\/li>\n\n\n\n<li><a href='?page_no=2'>2<\/a><\/li>\n\n\n\n<li><a>...<\/a><\/li>\n\n\n\n<li><a href='?page_no=17885'>17885<\/a><\/li>\n\n\n\n<li><a href='?page_no=17886'>17886<\/a><\/li>\n\n\n\n<li class='active'><a>17887<\/a><\/li>\n\n\n\n<li><a href='?page_no=17888'>17888<\/a><\/li>\n\n\n\n<li><a href='?page_no=17889'>17889<\/a><\/li>\n\n\n\n<li><a>...<\/a><\/li>\n\n\n\n<li><a href='?page_no=22911'>22911<\/a><\/li>\n\n\n\n<li><a href='?page_no=22912'>22912<\/a><\/li>\n\n    \n\t\n\n<li >\n\t<a href='?page_no=17888'>Next<\/a>\n\t<\/li>\n\n\n    \n\n<li><a href='?page_no=22912'>Last &rsaquo;&rsaquo;<\/a><\/li>\n\n<\/ul>\n\n\n--><br \/>\n<\/body><\/p>\n","protected":false},"excerpt":{"rendered":"<p>Por Adalys Pilar Mireles Pinar del R\u00edo, Cuba, 22 feb(PL).- La escritora cubana Nercys Felipe, Premio Nacional de Literatura 2011, elogi\u00f3 hoy el abrazo de la XXI Feria Internacional del Libro a las culturas del Caribe y su alcance como verdadero suceso editorial. Durante la apertura aqu\u00ed del segundo cap\u00edtulo de la fiesta literaria, la [&hellip;]<\/p>\n","protected":false},"author":3,"featured_media":0,"comment_status":"open","ping_status":"open","sticky":false,"template":"","format":"standard","meta":{"footnotes":""},"categories":[21],"tags":[],"class_list":["post-66209","post","type-post","status-publish","format-standard","hentry","category-cultura"],"_links":{"self":[{"href":"https:\/\/diariodominicano.com\/index.php?rest_route=\/wp\/v2\/posts\/66209","targetHints":{"allow":["GET"]}}],"collection":[{"href":"https:\/\/diariodominicano.com\/index.php?rest_route=\/wp\/v2\/posts"}],"about":[{"href":"https:\/\/diariodominicano.com\/index.php?rest_route=\/wp\/v2\/types\/post"}],"author":[{"embeddable":true,"href":"https:\/\/diariodominicano.com\/index.php?rest_route=\/wp\/v2\/users\/3"}],"replies":[{"embeddable":true,"href":"https:\/\/diariodominicano.com\/index.php?rest_route=%2Fwp%2Fv2%2Fcomments&post=66209"}],"version-history":[{"count":0,"href":"https:\/\/diariodominicano.com\/index.php?rest_route=\/wp\/v2\/posts\/66209\/revisions"}],"wp:attachment":[{"href":"https:\/\/diariodominicano.com\/index.php?rest_route=%2Fwp%2Fv2%2Fmedia&parent=66209"}],"wp:term":[{"taxonomy":"category","embeddable":true,"href":"https:\/\/diariodominicano.com\/index.php?rest_route=%2Fwp%2Fv2%2Fcategories&post=66209"},{"taxonomy":"post_tag","embeddable":true,"href":"https:\/\/diariodominicano.com\/index.php?rest_route=%2Fwp%2Fv2%2Ftags&post=66209"}],"curies":[{"name":"wp","href":"https:\/\/api.w.org\/{rel}","templated":true}]}}