{"id":66208,"date":"2012-02-22T19:44:36","date_gmt":"2012-02-22T19:44:36","guid":{"rendered":"http:\/\/diariodominicano.ddns.net\/?p=66208"},"modified":"2012-02-22T19:44:36","modified_gmt":"2012-02-22T19:44:36","slug":"alcalde-de-santiago-destaca-alcance-de-democracia-en-republica-dominicana","status":"publish","type":"post","link":"https:\/\/diariodominicano.com\/?p=66208","title":{"rendered":"Alcalde de Santiago  destaca alcance de democracia en Republica Dominicana"},"content":{"rendered":"<p><body><\/p>\n<p><img decoding=\"async\" src=\"img3\/alcaldesantiagobandera.JPG\" \/>  <\/p>\n<p><span class=\"text1noticias\">Rep.Dom, 22 de Febrero.- El alcalde local, doctor Gilberto Serulle, reconoci\u00f3 este miercoles  que la naci\u00f3n dominicana vive en democracia y libertad, al tiempo que pidi\u00f3 de las presentes generaciones impulsar los cambios que permitan crear un mayor r\u00e9gimen de derecho y de oportunidades para todos los dominicanos.<\/span><\/p>\n<\/p>\n<p><span class=\"text1noticias\">El Alcalde Serulle se pronuncio en esos t\u00e9rminos en los actos a la Bandera Nacional realizados por el Instituto Evang\u00e9lico, de Santiago, a cuya comunidad educativa dijo que la Naci\u00f3n dominicana surgi\u00f3 gracias a los hombres y mujeres   excepcionales tomaron la determinaci\u00f3n de dejar ese legado que ahora disfruta  la sociedad dominicana.<\/span><\/p>\n<\/p>\n<p><span class=\"text1noticias\">\u00a8Pero la verdadera libertad y democracia por la que un pueblo debe luchar en la  actual sociedad del conocimiento y las tecnolog\u00edas de la comunicaci\u00f3n, se sustenta en la educaci\u00f3n, la vivienda y el techo al que todos los ciudadanos tienen un leg\u00edtimo derecho\u00a8, de expres\u00f3  el Alcalde de Santiago  con motivo  de la celebraci\u00f3n  del d\u00eda la bandera.  <\/span><\/p>\n<\/p>\n<p><span class=\"text1noticias\">El doctor Gilberto Serulle formul\u00f3 su mensaje en el acto a la bandera en el Instituto Evang\u00e9lico de Santiago, en el que hace 42 a\u00f1os  ingreso y curs\u00f3 estudios b\u00e1sicos y secundarios, y aprendi\u00f3 valores como la disciplina, el amor  a los estudios y el compromiso  social  para afrontar los retos de la vida.<\/span><\/p>\n<\/p>\n<p><span class=\"text1noticias\">Adem\u00e1s de reconocer el aporte social, profesional y humano de los profesores del Instituto Evang\u00e9lico, cuya comunidad cada a\u00f1o rinde honor  a la bandera,  Serulle exhort\u00f3 a la matricula de  estudiantes del centro ||a aprovechar el tiempo en su valiosa formaci\u00f3n  acad\u00e9mica.  <\/span><\/p>\n<\/p>\n<p><span class=\"text1noticias\">Esta es la mejor forma, reconoci\u00f3 el Alcalde de Santiago, de ser mejores ciudadanos y rendir  el mejor homenaje  a los s\u00edmbolos patrios que tantos sacrificios y vidas  le cost\u00f3  a los fundadores  de la  naci\u00f3n dominicana. <\/span><\/p>\n<\/p>\n<p><span class=\"text1noticias\">En medio del despliegue de banderas y la participaci\u00f3n de unos 500 estudiantes del centro de ense\u00f1anza,  el doctor Gilberto Serulle exhort\u00f3  a los j\u00f3venes  a levantar el fusil de la conciencia y de la sabidur\u00eda, que dijo pueden encontrar  en los libros, los l\u00e1pices y el amor  entusiasta  por los estudios, \u00a8factores  todos que nos hacen ciudadanos  m\u00e1s libres y felices\u00a8.<\/span><\/p>\n<\/p>\n<p><span class=\"text1noticias\">Asimismo, \u00c1ngela de Peralta, directora del Instituto Evang\u00e9lico,  dijo   que  en el centro de la bandera rezan las resonantes palabras: Dios, Patria y Libertad, para con benepl\u00e1cito y orgullo rendir  homenaje  al s\u00edmbolo patrio  de la naci\u00f3n dominicana.<\/span><\/p>\n<\/p>\n<p><span class=\"text1noticias\">La reconocida acad\u00e9mica santiaguense reconoci\u00f3 que el homenaje a la bandera es una fecha propicia para recordar  con amor vibrante a Concepci\u00f3n Bona y Mar\u00eda Trinidad S\u00e1nchez,  dos valientes mujeres que trabajaron en la confecci\u00f3n de la primera bandera dominicana.<\/span><\/p>\n<\/p>\n<p><span class=\"text1noticias\">Los actos de homenaje  a la bandera,  organizados por el Instituto Evang\u00e9lico,  se realizaron  con un baile folcl\u00f3rico  de los estudiantes   del nivel medio del centro de ense\u00f1anzas de la ciudad de Santiago.<\/span><\/p>\n<p><span class=\"text1noticias\"> El obispo Cecilio Osoria,  en medio de oraciones  y optimismo, exhort\u00f3   a los profesores y estudiantes y funcionarios municipales  a continuar revalorizando  los valores patrios de la naci\u00f3n<\/span>.<\/p>\n<h6> 2012-02-22 19:44:36 <\/h6>\n<p><!--\n<link rel=\"stylesheet\" href=\"css\/bootstrap.min.css\">\n\n\n<ul class=\"pagination\">\n\t    \n\t\n\n<li >\n\t<a href='?page_no=17885'>Previous<\/a>\n\t<\/li>\n\n\n       \n    \n\n<li><a href='?page_no=1'>1<\/a><\/li>\n\n\n\n<li><a href='?page_no=2'>2<\/a><\/li>\n\n\n\n<li><a>...<\/a><\/li>\n\n\n\n<li><a href='?page_no=17884'>17884<\/a><\/li>\n\n\n\n<li><a href='?page_no=17885'>17885<\/a><\/li>\n\n\n\n<li class='active'><a>17886<\/a><\/li>\n\n\n\n<li><a href='?page_no=17887'>17887<\/a><\/li>\n\n\n\n<li><a href='?page_no=17888'>17888<\/a><\/li>\n\n\n\n<li><a>...<\/a><\/li>\n\n\n\n<li><a href='?page_no=22911'>22911<\/a><\/li>\n\n\n\n<li><a href='?page_no=22912'>22912<\/a><\/li>\n\n    \n\t\n\n<li >\n\t<a href='?page_no=17887'>Next<\/a>\n\t<\/li>\n\n\n    \n\n<li><a href='?page_no=22912'>Last &rsaquo;&rsaquo;<\/a><\/li>\n\n<\/ul>\n\n\n--><br \/>\n<\/body><\/p>\n","protected":false},"excerpt":{"rendered":"<p>Rep.Dom, 22 de Febrero.- El alcalde local, doctor Gilberto Serulle, reconoci\u00f3 este miercoles que la naci\u00f3n dominicana vive en democracia y libertad, al tiempo que pidi\u00f3 de las presentes generaciones impulsar los cambios que permitan crear un mayor r\u00e9gimen de derecho y de oportunidades para todos los dominicanos. El Alcalde Serulle se pronuncio en esos [&hellip;]<\/p>\n","protected":false},"author":3,"featured_media":0,"comment_status":"open","ping_status":"open","sticky":false,"template":"","format":"standard","meta":{"footnotes":""},"categories":[21],"tags":[],"class_list":["post-66208","post","type-post","status-publish","format-standard","hentry","category-cultura"],"_links":{"self":[{"href":"https:\/\/diariodominicano.com\/index.php?rest_route=\/wp\/v2\/posts\/66208","targetHints":{"allow":["GET"]}}],"collection":[{"href":"https:\/\/diariodominicano.com\/index.php?rest_route=\/wp\/v2\/posts"}],"about":[{"href":"https:\/\/diariodominicano.com\/index.php?rest_route=\/wp\/v2\/types\/post"}],"author":[{"embeddable":true,"href":"https:\/\/diariodominicano.com\/index.php?rest_route=\/wp\/v2\/users\/3"}],"replies":[{"embeddable":true,"href":"https:\/\/diariodominicano.com\/index.php?rest_route=%2Fwp%2Fv2%2Fcomments&post=66208"}],"version-history":[{"count":0,"href":"https:\/\/diariodominicano.com\/index.php?rest_route=\/wp\/v2\/posts\/66208\/revisions"}],"wp:attachment":[{"href":"https:\/\/diariodominicano.com\/index.php?rest_route=%2Fwp%2Fv2%2Fmedia&parent=66208"}],"wp:term":[{"taxonomy":"category","embeddable":true,"href":"https:\/\/diariodominicano.com\/index.php?rest_route=%2Fwp%2Fv2%2Fcategories&post=66208"},{"taxonomy":"post_tag","embeddable":true,"href":"https:\/\/diariodominicano.com\/index.php?rest_route=%2Fwp%2Fv2%2Ftags&post=66208"}],"curies":[{"name":"wp","href":"https:\/\/api.w.org\/{rel}","templated":true}]}}