{"id":662071,"date":"2026-01-26T01:06:38","date_gmt":"2026-01-26T05:06:38","guid":{"rendered":"https:\/\/diariodominicano.com\/?p=662071"},"modified":"2026-01-26T01:25:39","modified_gmt":"2026-01-26T05:25:39","slug":"prm-ante-el-2028-el-riesgo-de-atomizacion-sin-abinader-como-opcion-electoral","status":"publish","type":"post","link":"https:\/\/diariodominicano.com\/?p=662071","title":{"rendered":"PRM ante el 2028: El riesgo de atomizaci\u00f3n sin Abinader como opci\u00f3n electoral"},"content":{"rendered":"\n<p>La situaci\u00f3n actual del oficialismo se complica al observar que los liderazgos emergentes no han logrado construir un perfil presidencial s\u00f3lido basado en ideas transformadoras o en una conexi\u00f3n emocional profunda.<\/p>\n\n\n\n<p><\/p>\n\n\n\n<p>Por Rafael M\u00e9ndez<\/p>\n\n\n\n<p>El panorama pol\u00edtico del Partido Revolucionario Moderno se encamina hacia un escenario de alta incertidumbre debido a la imposibilidad constitucional de una nueva postulaci\u00f3n del presidente Luis Abinader, lo cual plantea un desaf\u00edo existencial para la organizaci\u00f3n oficialista debido a que el mandatario ha fungido como el \u00fanico centro de gravedad capaz de evitar una inminente atomizaci\u00f3n de sus estructuras internas.<\/p>\n\n\n\n<figure class=\"wp-block-image size-full\"><img loading=\"lazy\" decoding=\"async\" width=\"225\" height=\"225\" src=\"https:\/\/diariodominicano.com\/wp-content\/uploads\/2026\/01\/PRM-000.webp\" alt=\"\" class=\"wp-image-662072\" srcset=\"https:\/\/diariodominicano.com\/wp-content\/uploads\/2026\/01\/PRM-000.webp 225w, https:\/\/diariodominicano.com\/wp-content\/uploads\/2026\/01\/PRM-000-150x150.webp 150w, https:\/\/diariodominicano.com\/wp-content\/uploads\/2026\/01\/PRM-000-88x88.webp 88w\" sizes=\"auto, (max-width: 225px) 100vw, 225px\" \/><\/figure>\n\n\n\n<p>A pesar de que el partido goza actualmente de una posici\u00f3n de relativa fuerza institucional por su control del aparato estatal, la ausencia de un sucesor con liderazgo carism\u00e1tico propio genera dudas razonables sobre la cohesi\u00f3n futura, puesto que la historia dominicana demuestra que las organizaciones suelen desintegrarse cuando el \u00e1rbitro supremo sale de la escena, y deja un vac\u00edo que a los contendores internos se les hace muy dif\u00edcil llenar.<\/p>\n\n\n\n<p>En consecuencia, el peligro real para el perreme\u00edsmo no es una divisi\u00f3n convencional entre dos grandes bloques antag\u00f3nicos, sino una fragmentaci\u00f3n en m\u00faltiples pedazos liderados por ambiciones particulares, debido a que no existe hoy un liderazgo alternativo con la capacidad de concitar el apoyo emocional de una militancia que observa con recelo el agotamiento del actual modelo de unidad en torno a la figura presidencial.<\/p>\n\n\n\n<p>La ausencia de relevo<\/p>\n\n\n\n<p>La situaci\u00f3n actual del oficialismo se complica al observar que los liderazgos emergentes no han logrado construir un perfil presidencial s\u00f3lido basado en ideas transformadoras o en una conexi\u00f3n emocional profunda, de modo que los precandidatos actuales dependen excesivamente de su visibilidad administrativa, lo cual resulta insuficiente para garantizar la lealtad de sus bases y del electorado cuando el presupuesto p\u00fablico ya no sea el principal factor de cohesi\u00f3n.<\/p>\n\n\n\n<p>Por otro lado, la figura del expresidente Hip\u00f3lito Mej\u00eda ya no representa un factor de arbitraje efectivo ni una opci\u00f3n de poder real debido al desgaste natural y al cambio generacional, por lo que su desconexi\u00f3n con la realidad nacional e internacional contempor\u00e1nea deja al partido sin esos referentes hist\u00f3ricos que en el partidismo dominicano serv\u00edan de puente para dirimir conflictos, dejando as\u00ed a la deriva a una organizaci\u00f3n que carece de relevos maduros.<\/p>\n\n\n\n<p>Adem\u00e1s, debemos considerar que la legitimidad en el sistema de partidos dominicano todav\u00eda descansa fuertemente en la capacidad de arrastre individual de quien encabeza la boleta electoral, por lo cual es previsible que surjan peque\u00f1as facciones que, al no sentirse representadas por un liderazgo unificador fuerte, opten por atomizar la fuerza del partido en lugar de someterse a una disciplina interna que perciben como ajena.<\/p>\n\n\n\n<p>La amenaza de fragmentaci\u00f3n<\/p>\n\n\n\n<p>Resulta pertinente recordar la divisi\u00f3n reciente del Partido de la Liberaci\u00f3n Dominicana, donde la existencia de dos l\u00edderes fuertes provoc\u00f3 un choque de trenes que termin\u00f3 en ruptura, empero, en el caso del PRM el fen\u00f3meno es distinto porque la carencia de figuras de peso similar al presidente Abinader conduce irremediablemente a una dispersi\u00f3n de fuerzas donde nadie tiene el mando suficiente para evitar el caos.<\/p>\n\n\n\n<p>De ah\u00ed que resulta evidente que la unidad actual del perreme\u00edsmo es m\u00e1s pragm\u00e1tica que ideol\u00f3gica, fundamentada principalmente en la permanencia en el Estado y el liderazgo presidencial, por lo que una vez que este factor sea removido del tablero electoral, las costuras del partido comenzar\u00e1n a ceder bajo la presi\u00f3n de proyectos individuales que no encuentran un cauce institucional respetado por todos los actores en pugna.<\/p>\n\n\n\n<p>Es por eso que muchos advierten que si el PRM no logra articular un mecanismo de selecci\u00f3n que sea percibido como leg\u00edtimo y emocionante para sus seguidores, el destino de la atomizaci\u00f3n ser\u00e1 un hecho consumado que le restar\u00eda competitividad frente a una oposici\u00f3n que busca afanosamente el favor del electorado, marcando as\u00ed el inicio de un ciclo de inestabilidad interna muy similar al que hist\u00f3ricamente destruy\u00f3 a las siglas que le dieron origen.<\/p>\n\n\n\n<p>Lissy G\u00f3mez<\/p>\n\n\n\n<p><a target=\"_blank\" href=\"mailto:lissymgomez1995@gmail.com\" rel=\"noreferrer noopener\">lissymgomez1995@gmail.com<\/a><\/p>\n","protected":false},"excerpt":{"rendered":"<p>La situaci\u00f3n actual del oficialismo se complica al observar que los liderazgos emergentes no han logrado construir un perfil presidencial s\u00f3lido basado en ideas transformadoras o en una conexi\u00f3n emocional profunda. Por Rafael M\u00e9ndez El panorama pol\u00edtico del Partido Revolucionario Moderno se encamina hacia un escenario de alta incertidumbre debido a la imposibilidad constitucional de [&hellip;]<\/p>\n","protected":false},"author":2,"featured_media":585841,"comment_status":"closed","ping_status":"closed","sticky":false,"template":"","format":"standard","meta":{"footnotes":""},"categories":[36,19,16],"tags":[178],"class_list":["post-662071","post","type-post","status-publish","format-standard","has-post-thumbnail","hentry","category-hombresmujeresycosas","category-mi-voz","category-opiniones","tag-rafael-mendez"],"_links":{"self":[{"href":"https:\/\/diariodominicano.com\/index.php?rest_route=\/wp\/v2\/posts\/662071","targetHints":{"allow":["GET"]}}],"collection":[{"href":"https:\/\/diariodominicano.com\/index.php?rest_route=\/wp\/v2\/posts"}],"about":[{"href":"https:\/\/diariodominicano.com\/index.php?rest_route=\/wp\/v2\/types\/post"}],"author":[{"embeddable":true,"href":"https:\/\/diariodominicano.com\/index.php?rest_route=\/wp\/v2\/users\/2"}],"replies":[{"embeddable":true,"href":"https:\/\/diariodominicano.com\/index.php?rest_route=%2Fwp%2Fv2%2Fcomments&post=662071"}],"version-history":[{"count":2,"href":"https:\/\/diariodominicano.com\/index.php?rest_route=\/wp\/v2\/posts\/662071\/revisions"}],"predecessor-version":[{"id":662075,"href":"https:\/\/diariodominicano.com\/index.php?rest_route=\/wp\/v2\/posts\/662071\/revisions\/662075"}],"wp:featuredmedia":[{"embeddable":true,"href":"https:\/\/diariodominicano.com\/index.php?rest_route=\/wp\/v2\/media\/585841"}],"wp:attachment":[{"href":"https:\/\/diariodominicano.com\/index.php?rest_route=%2Fwp%2Fv2%2Fmedia&parent=662071"}],"wp:term":[{"taxonomy":"category","embeddable":true,"href":"https:\/\/diariodominicano.com\/index.php?rest_route=%2Fwp%2Fv2%2Fcategories&post=662071"},{"taxonomy":"post_tag","embeddable":true,"href":"https:\/\/diariodominicano.com\/index.php?rest_route=%2Fwp%2Fv2%2Ftags&post=662071"}],"curies":[{"name":"wp","href":"https:\/\/api.w.org\/{rel}","templated":true}]}}