{"id":66207,"date":"2012-02-22T20:04:23","date_gmt":"2012-02-22T20:04:23","guid":{"rendered":"http:\/\/diariodominicano.ddns.net\/?p=66207"},"modified":"2012-02-22T20:04:23","modified_gmt":"2012-02-22T20:04:23","slug":"ministerio-de-cultura-ofrece-festival-de-lectura-basado-en-tema-del-carnaval","status":"publish","type":"post","link":"https:\/\/diariodominicano.com\/?p=66207","title":{"rendered":"Ministerio de Cultura ofrece Festival de Lectura basado en tema del Carnaval"},"content":{"rendered":"<p><body><\/p>\n<p><span class=\"text1noticias\">Santo Domingo, RD, 22 de Febrero.- Estudiantes de distintas escuelas de la Provincia Santo Domingo Oeste participaron   en el encuentro \u00abFestival de Lectura al Aire Libre\u00bb, que abord\u00f3 como tema principal el Carnaval dominicano.<\/span><\/p>\n<\/p>\n<p><span class=\"text1noticias\">El festival fue organizado por la Direcci\u00f3n General del Libro y la Lectura, dependencia del Ministerio de Cultura.<\/span><\/p>\n<\/p>\n<p><span class=\"text1noticias\">Escritores y gestores de libros para ni\u00f1os leyeron cuentos alusivos a esta tradici\u00f3n. Personajes como Cuento Bast\u00f3n y los Diablos Cojuelos tambi\u00e9n participaron e hicieron m\u00e1s divertida y comprensiva cada lectura.<\/span><\/p>\n<\/p>\n<p><span class=\"text1noticias\">La actividad, que tuvo lugar en Las Ruinas del Palacio de Engombe, perteneciente al Parque Mirador Oeste, cont\u00f3 con la asistencia de estudiantes y profesores de las escuelas Rep\u00fablica de Guatemala, Escuela B\u00e1sica de Barbado, Centro Valpiana, Escuela Camila Henr\u00edquez Ure\u00f1a y Escuela Las Mercedes.<\/span><\/p>\n<\/p>\n<p><span class=\"text1noticias\">Los ni\u00f1os escucharon con atenci\u00f3n a los escritores Isael P\u00e9rez, Rafael Hilario Medina, V\u00edctor Bid\u00f3 y Luis Mel\u00e9ndez; a la bibliotecaria Mar\u00eda del Socorro Duque y al gestor Jimy F\u00e9liz, as\u00ed como a Eleanor Grimaldi Sili\u00e9, Directora de la Direcci\u00f3n General del Libro y la Lectura. <\/span><\/p>\n<\/p>\n<p><span class=\"text1noticias\">El enlace para la realizaci\u00f3n de este encuentro fue el Director Provincial de Santo Domingo Oeste del Ministerio de Cultura, Lorenzo Cabrera, quien dio las palabras de bienvenida y present\u00f3 a los escritores.<\/span><\/p>\n<\/p>\n<p><span class=\"text1noticias\">Entre los temas tratados figuraron: la historia del Carnaval, qui\u00e9n trajo esta tradici\u00f3n a Rep\u00fablica Dominicana, sus personajes principales y las distintas m\u00e1scaras y caretas que conforman el vestuario de esta fiesta.<\/span><\/p>\n<\/p>\n<p><span class=\"text1noticias\">La intenci\u00f3n del Festival de Lectura al Aire Libre es motivar a los ni\u00f1os, j\u00f3venes y adolescentes a que se pongan en contacto directo con la lectura y aprendan amar los libros.<\/span><\/p>\n<\/p>\n<p><span class=\"text1noticias\">Estos encuentros han sido parte de la tradici\u00f3n del fomento de la lectura de la Direcci\u00f3n General del Libro. En la actualidad, se han ofrecido nueve festivales en las diversas provincias del pa\u00eds<\/span>.<\/p>\n<\/p>\n<h6> 2012-02-22 20:04:23 <\/h6>\n<p><!--\n<link rel=\"stylesheet\" href=\"css\/bootstrap.min.css\">\n\n\n<ul class=\"pagination\">\n\t    \n\t\n\n<li >\n\t<a href='?page_no=17884'>Previous<\/a>\n\t<\/li>\n\n\n       \n    \n\n<li><a href='?page_no=1'>1<\/a><\/li>\n\n\n\n<li><a href='?page_no=2'>2<\/a><\/li>\n\n\n\n<li><a>...<\/a><\/li>\n\n\n\n<li><a href='?page_no=17883'>17883<\/a><\/li>\n\n\n\n<li><a href='?page_no=17884'>17884<\/a><\/li>\n\n\n\n<li class='active'><a>17885<\/a><\/li>\n\n\n\n<li><a href='?page_no=17886'>17886<\/a><\/li>\n\n\n\n<li><a href='?page_no=17887'>17887<\/a><\/li>\n\n\n\n<li><a>...<\/a><\/li>\n\n\n\n<li><a href='?page_no=22911'>22911<\/a><\/li>\n\n\n\n<li><a href='?page_no=22912'>22912<\/a><\/li>\n\n    \n\t\n\n<li >\n\t<a href='?page_no=17886'>Next<\/a>\n\t<\/li>\n\n\n    \n\n<li><a href='?page_no=22912'>Last &rsaquo;&rsaquo;<\/a><\/li>\n\n<\/ul>\n\n\n--><br \/>\n<\/body><\/p>\n","protected":false},"excerpt":{"rendered":"<p>Santo Domingo, RD, 22 de Febrero.- Estudiantes de distintas escuelas de la Provincia Santo Domingo Oeste participaron en el encuentro \u00abFestival de Lectura al Aire Libre\u00bb, que abord\u00f3 como tema principal el Carnaval dominicano. El festival fue organizado por la Direcci\u00f3n General del Libro y la Lectura, dependencia del Ministerio de Cultura. Escritores y gestores [&hellip;]<\/p>\n","protected":false},"author":3,"featured_media":0,"comment_status":"open","ping_status":"open","sticky":false,"template":"","format":"standard","meta":{"footnotes":""},"categories":[21],"tags":[],"class_list":["post-66207","post","type-post","status-publish","format-standard","hentry","category-cultura"],"_links":{"self":[{"href":"https:\/\/diariodominicano.com\/index.php?rest_route=\/wp\/v2\/posts\/66207","targetHints":{"allow":["GET"]}}],"collection":[{"href":"https:\/\/diariodominicano.com\/index.php?rest_route=\/wp\/v2\/posts"}],"about":[{"href":"https:\/\/diariodominicano.com\/index.php?rest_route=\/wp\/v2\/types\/post"}],"author":[{"embeddable":true,"href":"https:\/\/diariodominicano.com\/index.php?rest_route=\/wp\/v2\/users\/3"}],"replies":[{"embeddable":true,"href":"https:\/\/diariodominicano.com\/index.php?rest_route=%2Fwp%2Fv2%2Fcomments&post=66207"}],"version-history":[{"count":0,"href":"https:\/\/diariodominicano.com\/index.php?rest_route=\/wp\/v2\/posts\/66207\/revisions"}],"wp:attachment":[{"href":"https:\/\/diariodominicano.com\/index.php?rest_route=%2Fwp%2Fv2%2Fmedia&parent=66207"}],"wp:term":[{"taxonomy":"category","embeddable":true,"href":"https:\/\/diariodominicano.com\/index.php?rest_route=%2Fwp%2Fv2%2Fcategories&post=66207"},{"taxonomy":"post_tag","embeddable":true,"href":"https:\/\/diariodominicano.com\/index.php?rest_route=%2Fwp%2Fv2%2Ftags&post=66207"}],"curies":[{"name":"wp","href":"https:\/\/api.w.org\/{rel}","templated":true}]}}