{"id":66206,"date":"2012-02-22T20:46:44","date_gmt":"2012-02-22T20:46:44","guid":{"rendered":"http:\/\/diariodominicano.ddns.net\/?p=66206"},"modified":"2012-02-22T20:46:44","modified_gmt":"2012-02-22T20:46:44","slug":"demandan-nombrar-comision-nacional-bicentenario-de-duarte","status":"publish","type":"post","link":"https:\/\/diariodominicano.com\/?p=66206","title":{"rendered":"Demandan nombrar Comisi\u00f3n Nacional  Bicentenario de Duarte"},"content":{"rendered":"<p><body><\/p>\n<p><img decoding=\"async\" src=\"http:\/\/localhost:8080\/img3\/PEDRO RICHARDSON.JPG\" \/>  <\/p>\n<p><span class=\"text1noticias\">Rep.Dom, 22 de Febrero.- La Asociaci\u00f3n Dominicana de Distritos Municipales (ADODIM)  demando este miercoles del presidente Leonel Fern\u00e1ndez la conformaci\u00f3n de una comisi\u00f3n nacional  interdisciplinaria que se encargue de organizar  con la solemnidad y el esplendor de que es acreedor  el fundador de la Republica, Juan Pablo Duarte , la conmemoraci\u00f3n de su bicentenario de nacimiento que tendr\u00e1 efecto el 26 de enero del 2013.<\/span><\/p>\n<\/p>\n<p><span class=\"text1noticias\">El doctor Pedro Richardson, Director Ejecutivo de ADODIM expres\u00f3 que la celebraci\u00f3n del bicentenario de Duarte es el mayor compromiso que tenemos los dominicanos para el a\u00f1o entrante y se debe evitar que con el mismo suceda lo acontecido con su centenario  en 1913 en donde la convulsa situaci\u00f3n pol\u00edtica reinante hizo  que pasara pr\u00e1cticamente desapercibido a no ser por  dos o tres actos que organizaron Francisco Henr\u00edquez y Carvajal y otros patriotas.<\/span><\/p>\n<\/p>\n<p><span class=\"text1noticias\">\u00abEn un pa\u00eds con un m\u00ednimo de respeto por los valores que le identifican estas comisiones se crean con dos y tres a\u00f1os de anticipaci\u00f3n de manera  que con suficiente tiempo  se puedan organizar desde exposiciones pict\u00f3ricas, congresos, conferencias, nuevas investigaciones hist\u00f3ricas, conciertos y cualquier actividad que propenda a la divulgaci\u00f3n y exaltaci\u00f3n de la figura del prohombre de que se trate\u00bb, dijo Richardson.<\/span><\/p>\n<\/p>\n<p><span class=\"text1noticias\">Como parte de los festejos del bicentenario la Asociaci\u00f3n Dominicana de Distritos Municipales a convocado a  232 concursos de ensayo a celebrarse en  igual cantidad de municipalidades destinados a socializar entre los estudiantes de los niveles de b\u00e1sica y media  la visi\u00f3n descentralizadora del fundador de la Republica, Juan Pablo Duarte, el cual  en  el  proyecto inconcluso de Constituci\u00f3n que nos legara  revela  un s\u00f3lido conocimiento del pensamiento de los principales te\u00f3ricos del constitucionalismo y de algunas constituciones de car\u00e1cter liberal y democr\u00e1tica.<\/span><\/p>\n<\/p>\n<p><span class=\"text1noticias\">\u00abEn el manuscrito que ha llegado a nosotros a trav\u00e9s de Rosa Duarte,  de apenas diez p\u00e1ginas, Duarte plantea que el Estado Dominicano&#8230; Para la mejor y m\u00e1s pronta expedici\u00f3n de los negocios p\u00fablicos se distribuye en: Poder Municipal, Poder Legislativo, Poder Judicial y Poder Ejecutivo\u00a8. Y  a seguida expresa que \u00a8 estos Poderes ll\u00e1mense constitucionales porque son y habr\u00e1n de ser constituidos, so pena de ilegitimidad, con arreglo a la Constituci\u00f3n y no de otra manera\u00bb.<\/span><\/p>\n<\/p>\n<p><span class=\"text1noticias\"> <\/span><\/p>\n<\/p>\n<p><span class=\"text1noticias\"> <\/span><\/p>\n<\/p>\n<p><span class=\"text1noticias\">A juicio del dirigente municipalista en este aspecto del  pensamiento duartiano se percibe una poderosa influencia del sabio constitucionalista Benjam\u00edn Constant, de Alexis de Tocqueville  y de la tradici\u00f3n liberal espa\u00f1ol, as\u00ed como influencia de Montesquieu y de la tradici\u00f3n parlamentaria inglesa, al colocar despu\u00e9s del Ayuntamiento como  segundo poder del Estado, El Poder Legislativo.<\/span><\/p>\n<\/p>\n<p><span class=\"text1noticias\">El doctor Pedro Richardson, director ejecutivo de la entidad que agrupa a los distritos municipales dominicanos se\u00f1alo que lograr que los estudiantes y la poblaci\u00f3n en sentido general se empoderen de esa visi\u00f3n duartiana y de la propia figura del patricio es una necesidad impostergable dado que lamentablemente el mismo y sus ense\u00f1anzas son desconocidas por grandes segmentos poblacionales, inclusive por los propios estudiantes.<\/span><\/p>\n<\/p>\n<p><span class=\"text1noticias\">Entiende que la celebraci\u00f3n de estos 232 concursos de ensayo para estudiantes de b\u00e1sica y media es sin dudas el mejor y mayor homenaje que en su bicentenario se le rinde al fundador de la Rep\u00fablica y primer municipalista dominicano, pues con los mismos en cada uno de los distritos municipales estar\u00e1n socializando su visi\u00f3n y sus ense\u00f1anzas entre los j\u00f3venes  quienes deber\u00e1n ser siempre los portaestandartes de sus postulado, concluy\u00f3  el doctor Pedro Richardson.<\/span><\/p>\n<\/p>\n<\/p>\n<h6> 2012-02-22 20:46:44 <\/h6>\n<p><!--\n<link rel=\"stylesheet\" href=\"css\/bootstrap.min.css\">\n\n\n<ul class=\"pagination\">\n\t    \n\t\n\n<li >\n\t<a href='?page_no=17883'>Previous<\/a>\n\t<\/li>\n\n\n       \n    \n\n<li><a href='?page_no=1'>1<\/a><\/li>\n\n\n\n<li><a href='?page_no=2'>2<\/a><\/li>\n\n\n\n<li><a>...<\/a><\/li>\n\n\n\n<li><a href='?page_no=17882'>17882<\/a><\/li>\n\n\n\n<li><a href='?page_no=17883'>17883<\/a><\/li>\n\n\n\n<li class='active'><a>17884<\/a><\/li>\n\n\n\n<li><a href='?page_no=17885'>17885<\/a><\/li>\n\n\n\n<li><a href='?page_no=17886'>17886<\/a><\/li>\n\n\n\n<li><a>...<\/a><\/li>\n\n\n\n<li><a href='?page_no=22911'>22911<\/a><\/li>\n\n\n\n<li><a href='?page_no=22912'>22912<\/a><\/li>\n\n    \n\t\n\n<li >\n\t<a href='?page_no=17885'>Next<\/a>\n\t<\/li>\n\n\n    \n\n<li><a href='?page_no=22912'>Last &rsaquo;&rsaquo;<\/a><\/li>\n\n<\/ul>\n\n\n--><br \/>\n<\/body><\/p>\n","protected":false},"excerpt":{"rendered":"<p>Rep.Dom, 22 de Febrero.- La Asociaci\u00f3n Dominicana de Distritos Municipales (ADODIM) demando este miercoles del presidente Leonel Fern\u00e1ndez la conformaci\u00f3n de una comisi\u00f3n nacional interdisciplinaria que se encargue de organizar con la solemnidad y el esplendor de que es acreedor el fundador de la Republica, Juan Pablo Duarte , la conmemoraci\u00f3n de su bicentenario de [&hellip;]<\/p>\n","protected":false},"author":3,"featured_media":0,"comment_status":"open","ping_status":"open","sticky":false,"template":"","format":"standard","meta":{"footnotes":""},"categories":[21],"tags":[],"class_list":["post-66206","post","type-post","status-publish","format-standard","hentry","category-cultura"],"_links":{"self":[{"href":"https:\/\/diariodominicano.com\/index.php?rest_route=\/wp\/v2\/posts\/66206","targetHints":{"allow":["GET"]}}],"collection":[{"href":"https:\/\/diariodominicano.com\/index.php?rest_route=\/wp\/v2\/posts"}],"about":[{"href":"https:\/\/diariodominicano.com\/index.php?rest_route=\/wp\/v2\/types\/post"}],"author":[{"embeddable":true,"href":"https:\/\/diariodominicano.com\/index.php?rest_route=\/wp\/v2\/users\/3"}],"replies":[{"embeddable":true,"href":"https:\/\/diariodominicano.com\/index.php?rest_route=%2Fwp%2Fv2%2Fcomments&post=66206"}],"version-history":[{"count":0,"href":"https:\/\/diariodominicano.com\/index.php?rest_route=\/wp\/v2\/posts\/66206\/revisions"}],"wp:attachment":[{"href":"https:\/\/diariodominicano.com\/index.php?rest_route=%2Fwp%2Fv2%2Fmedia&parent=66206"}],"wp:term":[{"taxonomy":"category","embeddable":true,"href":"https:\/\/diariodominicano.com\/index.php?rest_route=%2Fwp%2Fv2%2Fcategories&post=66206"},{"taxonomy":"post_tag","embeddable":true,"href":"https:\/\/diariodominicano.com\/index.php?rest_route=%2Fwp%2Fv2%2Ftags&post=66206"}],"curies":[{"name":"wp","href":"https:\/\/api.w.org\/{rel}","templated":true}]}}