{"id":66205,"date":"2012-02-22T21:25:37","date_gmt":"2012-02-22T21:25:37","guid":{"rendered":"http:\/\/diariodominicano.ddns.net\/?p=66205"},"modified":"2012-02-22T21:25:37","modified_gmt":"2012-02-22T21:25:37","slug":"asociacion-de-distritos-municipales-auspicia-ensayo-estudiantil-sobre-duarte","status":"publish","type":"post","link":"https:\/\/diariodominicano.com\/?p=66205","title":{"rendered":"Asociaci\u00f3n de Distritos Municipales auspicia ensayo estudiantil sobre Duarte"},"content":{"rendered":"<p><body><\/p>\n<p><span class=\"text1noticias\">Rep.Dom, 22 de Febrero.- La Asociaci\u00f3n Dominicana de Distritos Municipales (Adodim) anunci\u00f3  la convocatoria de 232 concursos de ensayo a celebrarse en  igual cantidad de comunidades, destinados a resaltar la visi\u00f3n del patricio Juan Pablo Duarte sobre la democracia local y la descentralizaci\u00f3n.<\/span><\/p>\n<\/p>\n<p><span class=\"text1noticias\">El doctor Pedro Richardson, Director Ejecutivo de Adod\u00edn, inform\u00f3 que el evento se llevar\u00e1 a cabo en el marco de las actividades conmemorativas del bicentenario del Padre de la Patria, que habr\u00e1 de culminar en el 2013.<\/span><\/p>\n<\/p>\n<p><span class=\"text1noticias\">\u00abLa celebraci\u00f3n de estos 232 concursos de ensayo para estudiantes de b\u00e1sica y media es sin dudas el mejor y mayor homenaje que en su bicentenario le rendimos al fundador de la republica y primer municipalista dominicano, pues con los mismos en cada uno de los distritos municipales dominicanos estaremos socializando su visi\u00f3n y sus ense\u00f1anzas entre los j\u00f3venes dominicanos, quienes deber\u00e1n ser siempre los portaestandartes de sus postulados\u00bb, apunt\u00f3  el abogado y municipalista.<\/span><\/p>\n<\/p>\n<p><span class=\"text1noticias\"> Expreso que el  Proyecto inconcluso de Constituci\u00f3n que nos legara Duarte revela que este  ten\u00eda una s\u00f3lida formaci\u00f3n democr\u00e1tica y que conoc\u00eda el pensamiento de los principales te\u00f3ricos del constitucionalismo y del pensamiento liberal de la \u00e9poca. <\/span><\/p>\n<\/p>\n<p><span class=\"text1noticias\">En opini\u00f3n de Richardson,  \u00ablograr que los estudiantes y la poblaci\u00f3n en sentido general se empoderen de esa visi\u00f3n Duartiana y de la propia figura del pr\u00f3cer es una necesidad impostergable dado que lamentablemente la vida  y las ense\u00f1anzas del patricio son desconocidas por grandes segmentos de la poblaci\u00f3n, incluyendo  los propios estudiantes\u00bb.<\/span><\/p>\n<\/p>\n<p><span class=\"text1noticias\">Dijo  que el manuscrito sobre el proyecto constitucional de Duarte, conocido a trav\u00e9s de su hermana Rosa Duarte,  es de apenas diez p\u00e1ginas, y debi\u00f3 ser escrito en el per\u00edodo de marzo y julio de l844, \u00abpues se ha de recordar que en la primera fecha regres\u00f3 al pa\u00eds del exilio y en la  segunda  fue expatriado por Santana\u00bb.<\/span><\/p>\n<\/p>\n<p><span class=\"text1noticias\">El manuscrito, apunta Richardson, establece en uno de sus articulados que \u00abPara la mejor y m\u00e1s pronta expedici\u00f3n de los negocios p\u00fablicos el Estado se distribuye en: Poder Municipal,  Poder Legislativo, Poder Judicial y Poder Ejecutivo\u00bb. <\/span><\/p>\n<\/p>\n<p><span class=\"text1noticias\">De acuerdo  a Richardson,  en el pensamiento de Duarte  se percibe una poderosa influencia del sabio constitucionalista Benjam\u00edn Constant, de Alexis de Tocqueville y de la tradici\u00f3n liberal espa\u00f1ol, adem\u00e1s de  la influencia de Montesquieu y de la tradici\u00f3n parlamentaria inglesa.<\/span><\/p>\n<\/p>\n<p><span class=\"text1noticias\">Lament\u00f3 que a ra\u00edz de su aniversario 199 en la plazoleta Duarte de la ciudad de Barahona, lugar en que se  le rend\u00edan los honores propios de la fecha,  se procedi\u00f3 a preguntarle a15 estudiantes de octavo y media sobre quien era Duarte y ninguno contesto bien respecto al patricio<\/span>.<\/p>\n<h6> 2012-02-22 21:25:37 <\/h6>\n<p><!--\n<link rel=\"stylesheet\" href=\"css\/bootstrap.min.css\">\n\n\n<ul class=\"pagination\">\n\t    \n\t\n\n<li >\n\t<a href='?page_no=17882'>Previous<\/a>\n\t<\/li>\n\n\n       \n    \n\n<li><a href='?page_no=1'>1<\/a><\/li>\n\n\n\n<li><a href='?page_no=2'>2<\/a><\/li>\n\n\n\n<li><a>...<\/a><\/li>\n\n\n\n<li><a href='?page_no=17881'>17881<\/a><\/li>\n\n\n\n<li><a href='?page_no=17882'>17882<\/a><\/li>\n\n\n\n<li class='active'><a>17883<\/a><\/li>\n\n\n\n<li><a href='?page_no=17884'>17884<\/a><\/li>\n\n\n\n<li><a href='?page_no=17885'>17885<\/a><\/li>\n\n\n\n<li><a>...<\/a><\/li>\n\n\n\n<li><a href='?page_no=22911'>22911<\/a><\/li>\n\n\n\n<li><a href='?page_no=22912'>22912<\/a><\/li>\n\n    \n\t\n\n<li >\n\t<a href='?page_no=17884'>Next<\/a>\n\t<\/li>\n\n\n    \n\n<li><a href='?page_no=22912'>Last &rsaquo;&rsaquo;<\/a><\/li>\n\n<\/ul>\n\n\n--><br \/>\n<\/body><\/p>\n","protected":false},"excerpt":{"rendered":"<p>Rep.Dom, 22 de Febrero.- La Asociaci\u00f3n Dominicana de Distritos Municipales (Adodim) anunci\u00f3 la convocatoria de 232 concursos de ensayo a celebrarse en igual cantidad de comunidades, destinados a resaltar la visi\u00f3n del patricio Juan Pablo Duarte sobre la democracia local y la descentralizaci\u00f3n. El doctor Pedro Richardson, Director Ejecutivo de Adod\u00edn, inform\u00f3 que el evento [&hellip;]<\/p>\n","protected":false},"author":3,"featured_media":0,"comment_status":"open","ping_status":"open","sticky":false,"template":"","format":"standard","meta":{"footnotes":""},"categories":[21],"tags":[],"class_list":["post-66205","post","type-post","status-publish","format-standard","hentry","category-cultura"],"_links":{"self":[{"href":"https:\/\/diariodominicano.com\/index.php?rest_route=\/wp\/v2\/posts\/66205","targetHints":{"allow":["GET"]}}],"collection":[{"href":"https:\/\/diariodominicano.com\/index.php?rest_route=\/wp\/v2\/posts"}],"about":[{"href":"https:\/\/diariodominicano.com\/index.php?rest_route=\/wp\/v2\/types\/post"}],"author":[{"embeddable":true,"href":"https:\/\/diariodominicano.com\/index.php?rest_route=\/wp\/v2\/users\/3"}],"replies":[{"embeddable":true,"href":"https:\/\/diariodominicano.com\/index.php?rest_route=%2Fwp%2Fv2%2Fcomments&post=66205"}],"version-history":[{"count":0,"href":"https:\/\/diariodominicano.com\/index.php?rest_route=\/wp\/v2\/posts\/66205\/revisions"}],"wp:attachment":[{"href":"https:\/\/diariodominicano.com\/index.php?rest_route=%2Fwp%2Fv2%2Fmedia&parent=66205"}],"wp:term":[{"taxonomy":"category","embeddable":true,"href":"https:\/\/diariodominicano.com\/index.php?rest_route=%2Fwp%2Fv2%2Fcategories&post=66205"},{"taxonomy":"post_tag","embeddable":true,"href":"https:\/\/diariodominicano.com\/index.php?rest_route=%2Fwp%2Fv2%2Ftags&post=66205"}],"curies":[{"name":"wp","href":"https:\/\/api.w.org\/{rel}","templated":true}]}}