{"id":66203,"date":"2012-02-23T19:02:31","date_gmt":"2012-02-23T19:02:31","guid":{"rendered":"http:\/\/diariodominicano.ddns.net\/?p=66203"},"modified":"2012-02-23T19:02:31","modified_gmt":"2012-02-23T19:02:31","slug":"comision-efemerides-patrias-de-barahona-realiza-actividades-con-motivo-del-mes-de-la-patria","status":"publish","type":"post","link":"https:\/\/diariodominicano.com\/?p=66203","title":{"rendered":"Comisi\u00f3n Efemerides  Patrias de Barahona, realiza actividades con motivo del mes de la Patria"},"content":{"rendered":"<p><body><\/p>\n<p><img decoding=\"async\" src=\"img3\/BATTON BALLET.jpg\" \/>  <\/p>\n<p><span class=\"text1noticias\">Barahona, Rep.Dom, 23 de Febrero.-La  Comisi\u00f3n  Provincial  de  Efem\u00e9rides  Patrias,  lleva a cabo  actividades  educativas, culturales y recreativas, con  motivo de  mes  de  la  Patria,  con el apoyo de la Gobernaci\u00f3n. <\/span><\/p>\n<\/p>\n<p><span class=\"text1noticias\">Entre estas  se  encuentran  charlas  sobre la Vida y Obra  del padre de la  Patria  Juan  Pablo Duarte y  el proceso Independentista, realizadas  en el  Liceo de Palo Alto y la  escuela  Los  Lirios  de  esta  ciudad.<\/span><\/p>\n<p><span class=\"text1noticias\"> <\/span><\/p>\n<p><span class=\"text1noticias\">Tambi\u00e9n  fue  realizada  una  Tarde  Festiva,  frente  a CONANI, en barrio  Enriquillo de  aqui,  con la participaci\u00f3n de  los  Batton  Ballet Andino y  Mar\u00eda Montez y la presentaci\u00f3n de estudiantes  de  la  Escuela Mar\u00eda Montez,  con juramento de los  Trinitarios, entre otros.<\/span><\/p>\n<p><span class=\"text1noticias\"> <\/span><\/p>\n<p><span class=\"text1noticias\">En la  cancha  del sector  S\u00e1vica  de  aqu\u00ed, se llevaron  a  cabo  juegos  populares, como son  la cuchara y el  huevo, explota la vejiga, competencia en sacos, el juego de la  silla, el l\u00e1piz y la botella, boxeo, concursos se merengues, bachatas, salsa, dembwo,  entre otros,  donde participaron   de  forma  entusiastas  ni\u00f1os,  hombres, y mujeres, los  cuales  fueron premiados  cin ordenes  de compras.<\/span><\/p>\n<\/p>\n<p><span class=\"text1noticias\">Las  charlas  estuvieron a  cargo  de  los licenciados  Bienvenido  Heredia, coordinador de  la  Comisi\u00f3n  y Masusi  F\u00e9liz, miembro.<\/span><\/p>\n<p><span class=\"text1noticias\"> <\/span><\/p>\n<p><span class=\"text1noticias\">Para  este  jueves esta programada  una  charla  en  el  colegio CENEDI  y el s\u00e1bado juegos populares  en  Villa  Central.<\/span><\/p>\n<p><span class=\"text1noticias\"> <\/span><\/p>\n<p><span class=\"text1noticias\">Las  actividades  del  mes  de  Patria  concluir\u00e1n el pr\u00f3ximo lunes  27 de febrero D\u00eda de la  Independencia  Nacional.<\/span><\/p>\n<p><span class=\"text1noticias\"> <\/span><\/p>\n<p><span class=\"text1noticias\">La  Comisi\u00f3n   de  Efem\u00e9rides Patrias de  esta  ciudad, es presidida,  por  el  gobernador Pedro Pe\u00f1a Rubio, coordinada por  Bienvenido Heredia y forman parte  de  la  misma   Keila Isabel Burrouhs, Elizabeth Andino, Ocelia Guevara,  F\u00e9lix Betances, Masusi Feliz, Manuel de Cruz,  Jos\u00e9 Urbaez, Miguel L\u00f3pez,  Dario Pi\u00f1eiro, Emma P\u00e9rez, M\u00e1ximo Reyes, entre otros<\/span>.<\/p>\n<\/p>\n<h6> 2012-02-23 19:02:31 <\/h6>\n<p><!--\n<link rel=\"stylesheet\" href=\"css\/bootstrap.min.css\">\n\n\n<ul class=\"pagination\">\n\t    \n\t\n\n<li >\n\t<a href='?page_no=17880'>Previous<\/a>\n\t<\/li>\n\n\n       \n    \n\n<li><a href='?page_no=1'>1<\/a><\/li>\n\n\n\n<li><a href='?page_no=2'>2<\/a><\/li>\n\n\n\n<li><a>...<\/a><\/li>\n\n\n\n<li><a href='?page_no=17879'>17879<\/a><\/li>\n\n\n\n<li><a href='?page_no=17880'>17880<\/a><\/li>\n\n\n\n<li class='active'><a>17881<\/a><\/li>\n\n\n\n<li><a href='?page_no=17882'>17882<\/a><\/li>\n\n\n\n<li><a href='?page_no=17883'>17883<\/a><\/li>\n\n\n\n<li><a>...<\/a><\/li>\n\n\n\n<li><a href='?page_no=22911'>22911<\/a><\/li>\n\n\n\n<li><a href='?page_no=22912'>22912<\/a><\/li>\n\n    \n\t\n\n<li >\n\t<a href='?page_no=17882'>Next<\/a>\n\t<\/li>\n\n\n    \n\n<li><a href='?page_no=22912'>Last &rsaquo;&rsaquo;<\/a><\/li>\n\n<\/ul>\n\n\n--><br \/>\n<\/body><\/p>\n","protected":false},"excerpt":{"rendered":"<p>Barahona, Rep.Dom, 23 de Febrero.-La Comisi\u00f3n Provincial de Efem\u00e9rides Patrias, lleva a cabo actividades educativas, culturales y recreativas, con motivo de mes de la Patria, con el apoyo de la Gobernaci\u00f3n. Entre estas se encuentran charlas sobre la Vida y Obra del padre de la Patria Juan Pablo Duarte y el proceso Independentista, realizadas en [&hellip;]<\/p>\n","protected":false},"author":3,"featured_media":0,"comment_status":"open","ping_status":"open","sticky":false,"template":"","format":"standard","meta":{"footnotes":""},"categories":[21],"tags":[],"class_list":["post-66203","post","type-post","status-publish","format-standard","hentry","category-cultura"],"_links":{"self":[{"href":"https:\/\/diariodominicano.com\/index.php?rest_route=\/wp\/v2\/posts\/66203","targetHints":{"allow":["GET"]}}],"collection":[{"href":"https:\/\/diariodominicano.com\/index.php?rest_route=\/wp\/v2\/posts"}],"about":[{"href":"https:\/\/diariodominicano.com\/index.php?rest_route=\/wp\/v2\/types\/post"}],"author":[{"embeddable":true,"href":"https:\/\/diariodominicano.com\/index.php?rest_route=\/wp\/v2\/users\/3"}],"replies":[{"embeddable":true,"href":"https:\/\/diariodominicano.com\/index.php?rest_route=%2Fwp%2Fv2%2Fcomments&post=66203"}],"version-history":[{"count":0,"href":"https:\/\/diariodominicano.com\/index.php?rest_route=\/wp\/v2\/posts\/66203\/revisions"}],"wp:attachment":[{"href":"https:\/\/diariodominicano.com\/index.php?rest_route=%2Fwp%2Fv2%2Fmedia&parent=66203"}],"wp:term":[{"taxonomy":"category","embeddable":true,"href":"https:\/\/diariodominicano.com\/index.php?rest_route=%2Fwp%2Fv2%2Fcategories&post=66203"},{"taxonomy":"post_tag","embeddable":true,"href":"https:\/\/diariodominicano.com\/index.php?rest_route=%2Fwp%2Fv2%2Ftags&post=66203"}],"curies":[{"name":"wp","href":"https:\/\/api.w.org\/{rel}","templated":true}]}}