{"id":66202,"date":"2012-02-23T19:17:37","date_gmt":"2012-02-23T19:17:37","guid":{"rendered":"http:\/\/diariodominicano.ddns.net\/?p=66202"},"modified":"2012-02-23T19:17:37","modified_gmt":"2012-02-23T19:17:37","slug":"intelectuales-dominicanos-participan-xxi-feria-internacional-del-libro-cuba-2012","status":"publish","type":"post","link":"https:\/\/diariodominicano.com\/?p=66202","title":{"rendered":"Intelectuales dominicanos participan XXI Feria Internacional del Libro Cuba 2012"},"content":{"rendered":"<p><body><\/p>\n<p><img decoding=\"async\" src=\"img3\/Cuba Libro Arrom.JPG\" \/>  <\/p>\n<p><span class=\"text1noticias\">Rep.Dom, 23 de Febrero.- El presidente de  la Academia Dominicana de la Historia, doctor Frank Moya Pons, y el licenciado Manuel Garc\u00eda Ar\u00e9valo, ministro de Industria y Comercio, participaron en la XXI Feria Internacional del Libro Cuba 2012, donde se puso en circulaci\u00f3n la obra \u00abJos\u00e9 Juan Arr\u00f3m y la b\u00fasqueda de nuestras ra\u00edces\u00bb.<\/span><\/p>\n<p> <span class=\"text1noticias\"> <\/span><\/p>\n<p><span class=\"text1noticias\">La puesta en circulaci\u00f3n se llev\u00f3 a cabo en la sala Nuestra Am\u00e9rica,  dentro del recinto de la Fortaleza San Carlos de la Caba\u00f1a, donde Garc\u00eda Ar\u00e9valo expuso una semblanza del reconocido ensayista y cr\u00edtico literario cubano, catedr\u00e1tico em\u00e9rito de la Universidad de Yale, cuyas investigaciones tratan aspectos fundamentales sobre lexicograf\u00eda, mitolog\u00eda y etnohistoria de los indios ta\u00ednos, as\u00ed como de la religiosidad popular en las Antillas.<\/span><\/p>\n<p><span class=\"text1noticias\"> <\/span><\/p>\n<p><span class=\"text1noticias\">La obra, que recoge varios art\u00edculos del profesor Jos\u00e9 Juan Arr\u00f3m, es una compilaci\u00f3n del arque\u00f3logo Jorge Ulloa Hung y est\u00e1 coeditada por la Editorial Oriente, adscrita al Instituto Cubano del Libro y la Fundaci\u00f3n Garc\u00eda Ar\u00e9valo.<\/span><\/p>\n<p><span class=\"text1noticias\"> <\/span><\/p>\n<p><span class=\"text1noticias\">A la actividad asistieron, entre otras personalidades, el viceministro Jos\u00e9 Manuel del Castillo Savi\u00f1\u00f3n; la doctora Aimara Vera Riber\u00f3n de la Editorial Oriente de Cuba; Freddy Ginebra en representaci\u00f3n de Casa de Teatro, as\u00ed como Anselmo Gonz\u00e1lez, Francis Pou Le\u00f3n, Manuel Garc\u00eda Troncoso y Wendy Dur\u00e1n, miembros de la Fundaci\u00f3n Garc\u00eda Ar\u00e9valo<\/span>.<\/p>\n<\/p>\n<h6> 2012-02-23 19:17:37 <\/h6>\n<p><!--\n<link rel=\"stylesheet\" href=\"css\/bootstrap.min.css\">\n\n\n<ul class=\"pagination\">\n\t    \n\t\n\n<li >\n\t<a href='?page_no=17879'>Previous<\/a>\n\t<\/li>\n\n\n       \n    \n\n<li><a href='?page_no=1'>1<\/a><\/li>\n\n\n\n<li><a href='?page_no=2'>2<\/a><\/li>\n\n\n\n<li><a>...<\/a><\/li>\n\n\n\n<li><a href='?page_no=17878'>17878<\/a><\/li>\n\n\n\n<li><a href='?page_no=17879'>17879<\/a><\/li>\n\n\n\n<li class='active'><a>17880<\/a><\/li>\n\n\n\n<li><a href='?page_no=17881'>17881<\/a><\/li>\n\n\n\n<li><a href='?page_no=17882'>17882<\/a><\/li>\n\n\n\n<li><a>...<\/a><\/li>\n\n\n\n<li><a href='?page_no=22911'>22911<\/a><\/li>\n\n\n\n<li><a href='?page_no=22912'>22912<\/a><\/li>\n\n    \n\t\n\n<li >\n\t<a href='?page_no=17881'>Next<\/a>\n\t<\/li>\n\n\n    \n\n<li><a href='?page_no=22912'>Last &rsaquo;&rsaquo;<\/a><\/li>\n\n<\/ul>\n\n\n--><br \/>\n<\/body><\/p>\n","protected":false},"excerpt":{"rendered":"<p>Rep.Dom, 23 de Febrero.- El presidente de la Academia Dominicana de la Historia, doctor Frank Moya Pons, y el licenciado Manuel Garc\u00eda Ar\u00e9valo, ministro de Industria y Comercio, participaron en la XXI Feria Internacional del Libro Cuba 2012, donde se puso en circulaci\u00f3n la obra \u00abJos\u00e9 Juan Arr\u00f3m y la b\u00fasqueda de nuestras ra\u00edces\u00bb. La [&hellip;]<\/p>\n","protected":false},"author":3,"featured_media":0,"comment_status":"open","ping_status":"open","sticky":false,"template":"","format":"standard","meta":{"footnotes":""},"categories":[21],"tags":[],"class_list":["post-66202","post","type-post","status-publish","format-standard","hentry","category-cultura"],"_links":{"self":[{"href":"https:\/\/diariodominicano.com\/index.php?rest_route=\/wp\/v2\/posts\/66202","targetHints":{"allow":["GET"]}}],"collection":[{"href":"https:\/\/diariodominicano.com\/index.php?rest_route=\/wp\/v2\/posts"}],"about":[{"href":"https:\/\/diariodominicano.com\/index.php?rest_route=\/wp\/v2\/types\/post"}],"author":[{"embeddable":true,"href":"https:\/\/diariodominicano.com\/index.php?rest_route=\/wp\/v2\/users\/3"}],"replies":[{"embeddable":true,"href":"https:\/\/diariodominicano.com\/index.php?rest_route=%2Fwp%2Fv2%2Fcomments&post=66202"}],"version-history":[{"count":0,"href":"https:\/\/diariodominicano.com\/index.php?rest_route=\/wp\/v2\/posts\/66202\/revisions"}],"wp:attachment":[{"href":"https:\/\/diariodominicano.com\/index.php?rest_route=%2Fwp%2Fv2%2Fmedia&parent=66202"}],"wp:term":[{"taxonomy":"category","embeddable":true,"href":"https:\/\/diariodominicano.com\/index.php?rest_route=%2Fwp%2Fv2%2Fcategories&post=66202"},{"taxonomy":"post_tag","embeddable":true,"href":"https:\/\/diariodominicano.com\/index.php?rest_route=%2Fwp%2Fv2%2Ftags&post=66202"}],"curies":[{"name":"wp","href":"https:\/\/api.w.org\/{rel}","templated":true}]}}