{"id":66200,"date":"2012-02-23T20:29:55","date_gmt":"2012-02-23T20:29:55","guid":{"rendered":"http:\/\/diariodominicano.ddns.net\/?p=66200"},"modified":"2012-02-23T20:29:55","modified_gmt":"2012-02-23T20:29:55","slug":"direccion-catastro-rinde-tributo-a-los-padres-de-la-patria","status":"publish","type":"post","link":"https:\/\/diariodominicano.com\/?p=66200","title":{"rendered":"Direcci\u00f3n Catastro rinde tributo a los Padres de la Patria"},"content":{"rendered":"<p><body><\/p>\n<p><img decoding=\"async\" src=\"img3\/catastro.JPG\" \/>  <\/p>\n<p><span class=\"text1noticias\">Rep.Dom, 23 de Febrero.- La Direcci\u00f3n General del Catastro Nacional rindi\u00f3 tributo a los Padres Fundadores de la Rep\u00fablica Dominicana al depositar una ofrenda floral en el Mausoleo que guarda sus restos, dentro de las conmemoraciones alusivas del Mes de la Patria.<\/span><\/p>\n<\/p>\n<p><span class=\"text1noticias\">El homenaje fue encabezado por el subdirector de la instituci\u00f3n, ingeniero Claudio Pe\u00f1a, en representaci\u00f3n del Director General, licenciado Bol\u00edvar Marte, junto a una comitiva de funcionarios, t\u00e9cnico y empleados.<\/span><\/p>\n<\/p>\n<p><span class=\"text1noticias\">Ante el Altar de la Patria, Pe\u00f1a exalt\u00f3 el legado de los Patricios, y llam\u00f3 a los servidores del Catastro a proceder en consonancia al colocar en primer lugar  los intereses nacionales en todo momento.<\/span><\/p>\n<\/p>\n<p><span class=\"text1noticias\">En tal sentido, subray\u00f3 la necesidad de preservar el clima de estabilidad y de que todos los sectores nacionales unifiquen sus esfuerzos para echar adelante la naci\u00f3n, sobre el eje de la Estrategia Nacional de Desarrollo, reci\u00e9n aprobada en el Congreso.<\/span><\/p>\n<\/p>\n<p><span class=\"text1noticias\">Por instrucciones del director Bol\u00edvar Marte, el Catastro Nacional ha asumido de manera plena y entusiasta el programa de actividades contempladas en el Mes de la Patria<\/span>.<\/p>\n<h6> 2012-02-23 20:29:55 <\/h6>\n<p><!--\n<link rel=\"stylesheet\" href=\"css\/bootstrap.min.css\">\n\n\n<ul class=\"pagination\">\n\t    \n\t\n\n<li >\n\t<a href='?page_no=17877'>Previous<\/a>\n\t<\/li>\n\n\n       \n    \n\n<li><a href='?page_no=1'>1<\/a><\/li>\n\n\n\n<li><a href='?page_no=2'>2<\/a><\/li>\n\n\n\n<li><a>...<\/a><\/li>\n\n\n\n<li><a href='?page_no=17876'>17876<\/a><\/li>\n\n\n\n<li><a href='?page_no=17877'>17877<\/a><\/li>\n\n\n\n<li class='active'><a>17878<\/a><\/li>\n\n\n\n<li><a href='?page_no=17879'>17879<\/a><\/li>\n\n\n\n<li><a href='?page_no=17880'>17880<\/a><\/li>\n\n\n\n<li><a>...<\/a><\/li>\n\n\n\n<li><a href='?page_no=22911'>22911<\/a><\/li>\n\n\n\n<li><a href='?page_no=22912'>22912<\/a><\/li>\n\n    \n\t\n\n<li >\n\t<a href='?page_no=17879'>Next<\/a>\n\t<\/li>\n\n\n    \n\n<li><a href='?page_no=22912'>Last &rsaquo;&rsaquo;<\/a><\/li>\n\n<\/ul>\n\n\n--><br \/>\n<\/body><\/p>\n","protected":false},"excerpt":{"rendered":"<p>Rep.Dom, 23 de Febrero.- La Direcci\u00f3n General del Catastro Nacional rindi\u00f3 tributo a los Padres Fundadores de la Rep\u00fablica Dominicana al depositar una ofrenda floral en el Mausoleo que guarda sus restos, dentro de las conmemoraciones alusivas del Mes de la Patria. El homenaje fue encabezado por el subdirector de la instituci\u00f3n, ingeniero Claudio Pe\u00f1a, [&hellip;]<\/p>\n","protected":false},"author":3,"featured_media":0,"comment_status":"open","ping_status":"open","sticky":false,"template":"","format":"standard","meta":{"footnotes":""},"categories":[21],"tags":[],"class_list":["post-66200","post","type-post","status-publish","format-standard","hentry","category-cultura"],"_links":{"self":[{"href":"https:\/\/diariodominicano.com\/index.php?rest_route=\/wp\/v2\/posts\/66200","targetHints":{"allow":["GET"]}}],"collection":[{"href":"https:\/\/diariodominicano.com\/index.php?rest_route=\/wp\/v2\/posts"}],"about":[{"href":"https:\/\/diariodominicano.com\/index.php?rest_route=\/wp\/v2\/types\/post"}],"author":[{"embeddable":true,"href":"https:\/\/diariodominicano.com\/index.php?rest_route=\/wp\/v2\/users\/3"}],"replies":[{"embeddable":true,"href":"https:\/\/diariodominicano.com\/index.php?rest_route=%2Fwp%2Fv2%2Fcomments&post=66200"}],"version-history":[{"count":0,"href":"https:\/\/diariodominicano.com\/index.php?rest_route=\/wp\/v2\/posts\/66200\/revisions"}],"wp:attachment":[{"href":"https:\/\/diariodominicano.com\/index.php?rest_route=%2Fwp%2Fv2%2Fmedia&parent=66200"}],"wp:term":[{"taxonomy":"category","embeddable":true,"href":"https:\/\/diariodominicano.com\/index.php?rest_route=%2Fwp%2Fv2%2Fcategories&post=66200"},{"taxonomy":"post_tag","embeddable":true,"href":"https:\/\/diariodominicano.com\/index.php?rest_route=%2Fwp%2Fv2%2Ftags&post=66200"}],"curies":[{"name":"wp","href":"https:\/\/api.w.org\/{rel}","templated":true}]}}