{"id":66198,"date":"2012-02-24T15:28:25","date_gmt":"2012-02-24T15:28:25","guid":{"rendered":"http:\/\/diariodominicano.ddns.net\/?p=66198"},"modified":"2012-02-24T15:28:25","modified_gmt":"2012-02-24T15:28:25","slug":"cultura-presenta-obra-de-eduardo-heras-en-cuba","status":"publish","type":"post","link":"https:\/\/diariodominicano.com\/?p=66198","title":{"rendered":"Cultura presenta Obra de Eduardo Heras en Cuba"},"content":{"rendered":"<p><body><\/p>\n<p><img decoding=\"async\" src=\"img3\/LIBROFERIA CUBA.JPG\" \/>  <\/p>\n<p><span class=\"text1noticias\">LA HABANA, Cuba, 24 feb.- El Ministerio de Cultura puso en circulaci\u00f3n los cuentos completos del escritor cubano Eduardo Heras Le\u00f3n, en el marco de la 21\u00ba Feria Internacional del Libro, Cuba 2012.<\/span><\/p>\n<\/p>\n<p><span class=\"text1noticias\">El acto celebrado en la Sala Nicol\u00e1s Guill\u00e9n del recinto ferial San Carlos de la Caba\u00f1a, fue presidido por Jos\u00e9 Rafael Lantigua, Ministro de Cultura dominicano, quien tuvo a su cargo la presentaci\u00f3n de la obra.<\/span><\/p>\n<\/p>\n<p><span class=\"text1noticias\">Le acompa\u00f1aron en la mesa de honor, Abel Prieto, ministro de Cultura cubano, el escritor cubano Francisco L\u00f3pez Sacha y Eduardo Heras.<\/span><\/p>\n<\/p>\n<p><span class=\"text1noticias\">Sacha en sus palabras de bienvenida, hizo un recuento biogr\u00e1fico del autor, se\u00f1alando la intensa labor literaria y de formaci\u00f3n que el autor ha venido desarrollando tanto en su pa\u00eds natal como en el extranjero.<\/span><\/p>\n<\/p>\n<p><span class=\"text1noticias\">Lantigua, al referirse a la obra, dijo que \u00abesta edici\u00f3n intenta ser una muestra del afecto, el respeto y la gran admiraci\u00f3n que le tienen muchos dominicanos a Heras Le\u00f3n, quien es uno de los m\u00e1s grandes creadores de la nueva cuent\u00edstica cubana\u00bb.<\/span><\/p>\n<\/p>\n<p><span class=\"text1noticias\">\u00abDesde hace algunos a\u00f1os hemos venido realizando junto al autor, talleres y encuentros con nuestros noveles escritores; quienes tuvieron la oportunidad  de perfeccionar y aprender las t\u00e9cnicas a la hora de escribir un cuento, desde la experiencia de Eduardo Heras\u00bb, dijo Lantigua.<\/span><\/p>\n<\/p>\n<p><span class=\"text1noticias\">Lantigua concluy\u00f3 su presentaci\u00f3n anunciando la donaci\u00f3n de 700 ejemplares de la obra, para ser distribuidos a las distintas bibliotecas y universidades de Cuba.<\/span><\/p>\n<\/p>\n<p><span class=\"text1noticias\">Por su parte, el ministro Abel Prieto agradeci\u00f3 la iniciativa del Ministerio de Cultura dominicano; ya que esta publicaci\u00f3n permitir\u00e1 que la obra de Heras de Le\u00f3n, pueda llegar a una mayor cantidad de lectores.<\/span><\/p>\n<\/p>\n<p><span class=\"text1noticias\">A continuaci\u00f3n, el autor agradeci\u00f3 la generosidad del Ministro de Cultura dominicano, y el cuidado y profesionalismo con que la Editora Nacional del MINC ha trabajado la publicaci\u00f3n de sus cuentos completos.<\/span><\/p>\n<\/p>\n<p><span class=\"text1noticias\">Participaci\u00f3n Dominicana en la FIL<\/span><\/p>\n<\/p>\n<p><span class=\"text1noticias\">La Rep\u00fablica Dominicana particip\u00f3 con un activo pabell\u00f3n que exhibi\u00f3 un amplio muestrario de autores dominicanos, destinados todos a la venta, y un programa que incluy\u00f3 las presentaciones  de libros de varios escritores. El pabell\u00f3n fue atendido por talleristas literarios dominicanos, los cuales tienen un programa de intercambio desde hace varios a\u00f1os con talleristas cubanos del Centro Literario Onelio Jorge Cardoso. <\/span><\/p>\n<\/p>\n<p><span class=\"text1noticias\">En la actividad se pusieron a circular los 15 primeros vol\u00famenes de las obras completas de Max Henr\u00edquez Ure\u00f1a, con presentaciones del poeta Le\u00f3n F\u00e9lix Batista, director de la Editora Nacional, y del historiador Luis Felipe C\u00e9spedes Espinosa, de la Universidad de La Habana.<\/span><\/p>\n<\/p>\n<p><span class=\"text1noticias\">Igualmente, se presentaron los libros \u00abAntes de que pierda la memoria\u00bb y \u00abCelebrando la vida\u00bb, de Freddy Ginebra; la novela \u00abMi coraz\u00f3n tiembla en la sombra\u00bb y los libros de cuentos \u00abEl callej\u00f3n de las flores\u00bb y \u00abMujeres de vida alegre\u00bb de Ligia Minaya.<\/span><\/p>\n<\/p>\n<p><span class=\"text1noticias\">Tambi\u00e9n, el libro de cuentos \u00abPapeles de Astarot\u00bb de Pedro Antonio Valdez, publicado por la Editorial Arte y Literatura, de Cuba; y \u00abLeyendas dominicanas\u00bb de Eleanor Grimaldi y Margarita Luciano de Sang, publicado por Ediciones Uni\u00f3n, de Cuba. Estas obras fueron presentadas por la editora cubana Olga Martha P\u00e9rez.<\/span><\/p>\n<\/p>\n<p><span class=\"text1noticias\">Grimaldi y Luciano participaron adem\u00e1s en un panel en el Pabell\u00f3n Infantil sobre el t\u00edtulo \u00abUn mismo Caribe para todos\u00bb, donde expusieron escritoras de literatura infantil de Puerto Rico, Colombia, Estados Unidos, Barbados, Curazao y Rep\u00fablica Dominicana.<\/span><\/p>\n<\/p>\n<p><span class=\"text1noticias\">La 21\u00aa Feria Internacional del Libro de La Habana se desarroll\u00f3 durante 11 d\u00edas, bajo el lema \u00abLeer es crecer\u00bb con la presencia de los 14 estados insulares del Caribe, incluyendo Rep\u00fablica Dominicana, como invitados de honor; cont\u00f3 con un amplio programa que incluy\u00f3 unas 800 actividades literarias, profesionales, acad\u00e9micas y art\u00edsticas, entre ellas 534 presentaciones de libros. Se realiz\u00f3 al aire libre en la fortaleza El Morro-La Caba\u00f1a<\/span>. <\/p>\n<h6> 2012-02-24 15:28:25 <\/h6>\n<p><!--\n<link rel=\"stylesheet\" href=\"css\/bootstrap.min.css\">\n\n\n<ul class=\"pagination\">\n\t    \n\t\n\n<li >\n\t<a href='?page_no=17875'>Previous<\/a>\n\t<\/li>\n\n\n       \n    \n\n<li><a href='?page_no=1'>1<\/a><\/li>\n\n\n\n<li><a href='?page_no=2'>2<\/a><\/li>\n\n\n\n<li><a>...<\/a><\/li>\n\n\n\n<li><a href='?page_no=17874'>17874<\/a><\/li>\n\n\n\n<li><a href='?page_no=17875'>17875<\/a><\/li>\n\n\n\n<li class='active'><a>17876<\/a><\/li>\n\n\n\n<li><a href='?page_no=17877'>17877<\/a><\/li>\n\n\n\n<li><a href='?page_no=17878'>17878<\/a><\/li>\n\n\n\n<li><a>...<\/a><\/li>\n\n\n\n<li><a href='?page_no=22911'>22911<\/a><\/li>\n\n\n\n<li><a href='?page_no=22912'>22912<\/a><\/li>\n\n    \n\t\n\n<li >\n\t<a href='?page_no=17877'>Next<\/a>\n\t<\/li>\n\n\n    \n\n<li><a href='?page_no=22912'>Last &rsaquo;&rsaquo;<\/a><\/li>\n\n<\/ul>\n\n\n--><br \/>\n<\/body><\/p>\n","protected":false},"excerpt":{"rendered":"<p>LA HABANA, Cuba, 24 feb.- El Ministerio de Cultura puso en circulaci\u00f3n los cuentos completos del escritor cubano Eduardo Heras Le\u00f3n, en el marco de la 21\u00ba Feria Internacional del Libro, Cuba 2012. El acto celebrado en la Sala Nicol\u00e1s Guill\u00e9n del recinto ferial San Carlos de la Caba\u00f1a, fue presidido por Jos\u00e9 Rafael Lantigua, [&hellip;]<\/p>\n","protected":false},"author":3,"featured_media":0,"comment_status":"open","ping_status":"open","sticky":false,"template":"","format":"standard","meta":{"footnotes":""},"categories":[21],"tags":[],"class_list":["post-66198","post","type-post","status-publish","format-standard","hentry","category-cultura"],"_links":{"self":[{"href":"https:\/\/diariodominicano.com\/index.php?rest_route=\/wp\/v2\/posts\/66198","targetHints":{"allow":["GET"]}}],"collection":[{"href":"https:\/\/diariodominicano.com\/index.php?rest_route=\/wp\/v2\/posts"}],"about":[{"href":"https:\/\/diariodominicano.com\/index.php?rest_route=\/wp\/v2\/types\/post"}],"author":[{"embeddable":true,"href":"https:\/\/diariodominicano.com\/index.php?rest_route=\/wp\/v2\/users\/3"}],"replies":[{"embeddable":true,"href":"https:\/\/diariodominicano.com\/index.php?rest_route=%2Fwp%2Fv2%2Fcomments&post=66198"}],"version-history":[{"count":0,"href":"https:\/\/diariodominicano.com\/index.php?rest_route=\/wp\/v2\/posts\/66198\/revisions"}],"wp:attachment":[{"href":"https:\/\/diariodominicano.com\/index.php?rest_route=%2Fwp%2Fv2%2Fmedia&parent=66198"}],"wp:term":[{"taxonomy":"category","embeddable":true,"href":"https:\/\/diariodominicano.com\/index.php?rest_route=%2Fwp%2Fv2%2Fcategories&post=66198"},{"taxonomy":"post_tag","embeddable":true,"href":"https:\/\/diariodominicano.com\/index.php?rest_route=%2Fwp%2Fv2%2Ftags&post=66198"}],"curies":[{"name":"wp","href":"https:\/\/api.w.org\/{rel}","templated":true}]}}