{"id":66197,"date":"2012-02-24T17:40:42","date_gmt":"2012-02-24T17:40:42","guid":{"rendered":"http:\/\/diariodominicano.ddns.net\/?p=66197"},"modified":"2012-02-24T17:40:42","modified_gmt":"2012-02-24T17:40:42","slug":"uasd-publica-obra-soportes-de-vida-del-ex-rector-ravelo-astacio","status":"publish","type":"post","link":"https:\/\/diariodominicano.com\/?p=66197","title":{"rendered":"UASD publica obra \u00abSoportes de Vida\u00bb del ex rector Ravelo Astacio"},"content":{"rendered":"<p><body><\/p>\n<p><img decoding=\"async\" src=\"img3\/Libro circula.JPG\" \/><br \/><img decoding=\"async\" src=\"img3\/Libro circulacion UASD.JPG\" \/>  <\/p>\n<p><span class=\"text1noticias\">Santo Domingo, RD, 24 febrero.-  La Universidad Aut\u00f3noma de Santo Domingo public\u00f3 la obra  \u00abSoportes de Vida\u00bb, del ex rector y siquiatra, doctor Julio Ravelo Astacio, durante una actividad celebrada en el paraninfo Doctor Defill\u00f3, de la Facultad de Ciencias de la Salud.<\/span><\/p>\n<\/p>\n<p><span class=\"text1noticias\">Al hacer la presentaci\u00f3n del libro, el rector, maestro Mateo Aquino Febrillet, record\u00f3 que poner en circulaci\u00f3n un libro representa el esfuerzo intelectual, t\u00e9cnico y econ\u00f3mico de su creador, por lo que se compara con el nacimiento de un hijo para quien lo ha producido, pese a no ser el primer acontecimiento de este tipo que involucra al autor.<\/span><\/p>\n<\/p>\n<p><span class=\"text1noticias\">Dijo que en la obra el catedr\u00e1tico universitario recoge parte de su producci\u00f3n intelectual expresada en art\u00edculos publicados en la prensa nacional, conferencias dictadas en el pa\u00eds y el extranjero y discursos en los que ha expresado apreciaciones, consideraciones y juicios sobre temas de inter\u00e9s.<\/span><\/p>\n<\/p>\n<p><span class=\"text1noticias\">\u00abEn 20 art\u00edculos el autor hace uso de su experiencia profesional, para tratar magistralmente temas como la salud mental y ocupacional, la personalidad, sentimientos como amor, dolor, el miedo y el temor, para analizar la personalidad de figuras prominentes como Guayasam\u00edn y Juan Bosch, o de un humilde honorable cocolo como m\u00edster Boy\u00f3n\u00bb, expres\u00f3 Aquino Febrillet.     <\/span><\/p>\n<\/p>\n<p><span class=\"text1noticias\">Al ofrecer la bienvenida, el decano de la Facultad de Ciencias de la Salud, doctor Mauro Canario, resalt\u00f3 la importancia de continuar promoviendo la investigaci\u00f3n y desarrollo de la Universidad, que es una reserva del pa\u00eds y que hoy vive un momento de transformaci\u00f3n y  reorganizaci\u00f3n.<\/span><\/p>\n<\/p>\n<p><span class=\"text1noticias\">\u00abY esta obra pone de manifiesto una muestra de la producci\u00f3n de nuestros profesores, producci\u00f3n de conocimiento, formaci\u00f3n, recursos humanos, innovaci\u00f3n, internacionalizaci\u00f3n, proyecci\u00f3n de la Universidad Aut\u00f3noma de Santo Domingo y de la Facultad de Ciencias de la Salud\u00bb, dijo.<\/span><\/p>\n<\/p>\n<p><span class=\"text1noticias\">Mientras, el doctor Ravelo Astacio explic\u00f3 que su obra lleva como t\u00edtulo \u00abSoportes de Vida\u00bb, por entender que en la educaci\u00f3n y la salud est\u00e1n sentadas las bases para que la vida florezca y se desarrolle<\/span>.  <\/p>\n<\/p>\n<p>\u00abLa selecci\u00f3n de estos art\u00edculos se debe a que colegas y amigos nos han estimulado a rescatar y difundir los juicios y apreciaciones que estos contienen.  En cada uno de ellos se expone un hecho sobresaliente, una  personalidad destacada, o alg\u00fan tema que hemos considerado \u00fatil para nuestros conciudadanos\u00bb, indic\u00f3.        <\/p>\n<\/p>\n<p>La actividad cont\u00f3 con la presencia de los ex rectores Fernando S\u00e1nchez Mart\u00ednez, Edilberto Cabral, Miguel Rosado, Porfirio Garc\u00eda y Roberto Reyna, as\u00ed como familiares del autor de la obra, vicerrectores, profesores, estudiantes y amigos especiales.    <\/p>\n<h6> 2012-02-24 17:40:42 <\/h6>\n<p><!--\n<link rel=\"stylesheet\" href=\"css\/bootstrap.min.css\">\n\n\n<ul class=\"pagination\">\n\t    \n\t\n\n<li >\n\t<a href='?page_no=17874'>Previous<\/a>\n\t<\/li>\n\n\n       \n    \n\n<li><a href='?page_no=1'>1<\/a><\/li>\n\n\n\n<li><a href='?page_no=2'>2<\/a><\/li>\n\n\n\n<li><a>...<\/a><\/li>\n\n\n\n<li><a href='?page_no=17873'>17873<\/a><\/li>\n\n\n\n<li><a href='?page_no=17874'>17874<\/a><\/li>\n\n\n\n<li class='active'><a>17875<\/a><\/li>\n\n\n\n<li><a href='?page_no=17876'>17876<\/a><\/li>\n\n\n\n<li><a href='?page_no=17877'>17877<\/a><\/li>\n\n\n\n<li><a>...<\/a><\/li>\n\n\n\n<li><a href='?page_no=22911'>22911<\/a><\/li>\n\n\n\n<li><a href='?page_no=22912'>22912<\/a><\/li>\n\n    \n\t\n\n<li >\n\t<a href='?page_no=17876'>Next<\/a>\n\t<\/li>\n\n\n    \n\n<li><a href='?page_no=22912'>Last &rsaquo;&rsaquo;<\/a><\/li>\n\n<\/ul>\n\n\n--><br \/>\n<\/body><\/p>\n","protected":false},"excerpt":{"rendered":"<p>Santo Domingo, RD, 24 febrero.- La Universidad Aut\u00f3noma de Santo Domingo public\u00f3 la obra \u00abSoportes de Vida\u00bb, del ex rector y siquiatra, doctor Julio Ravelo Astacio, durante una actividad celebrada en el paraninfo Doctor Defill\u00f3, de la Facultad de Ciencias de la Salud. Al hacer la presentaci\u00f3n del libro, el rector, maestro Mateo Aquino Febrillet, [&hellip;]<\/p>\n","protected":false},"author":3,"featured_media":0,"comment_status":"open","ping_status":"open","sticky":false,"template":"","format":"standard","meta":{"footnotes":""},"categories":[21],"tags":[],"class_list":["post-66197","post","type-post","status-publish","format-standard","hentry","category-cultura"],"_links":{"self":[{"href":"https:\/\/diariodominicano.com\/index.php?rest_route=\/wp\/v2\/posts\/66197","targetHints":{"allow":["GET"]}}],"collection":[{"href":"https:\/\/diariodominicano.com\/index.php?rest_route=\/wp\/v2\/posts"}],"about":[{"href":"https:\/\/diariodominicano.com\/index.php?rest_route=\/wp\/v2\/types\/post"}],"author":[{"embeddable":true,"href":"https:\/\/diariodominicano.com\/index.php?rest_route=\/wp\/v2\/users\/3"}],"replies":[{"embeddable":true,"href":"https:\/\/diariodominicano.com\/index.php?rest_route=%2Fwp%2Fv2%2Fcomments&post=66197"}],"version-history":[{"count":0,"href":"https:\/\/diariodominicano.com\/index.php?rest_route=\/wp\/v2\/posts\/66197\/revisions"}],"wp:attachment":[{"href":"https:\/\/diariodominicano.com\/index.php?rest_route=%2Fwp%2Fv2%2Fmedia&parent=66197"}],"wp:term":[{"taxonomy":"category","embeddable":true,"href":"https:\/\/diariodominicano.com\/index.php?rest_route=%2Fwp%2Fv2%2Fcategories&post=66197"},{"taxonomy":"post_tag","embeddable":true,"href":"https:\/\/diariodominicano.com\/index.php?rest_route=%2Fwp%2Fv2%2Ftags&post=66197"}],"curies":[{"name":"wp","href":"https:\/\/api.w.org\/{rel}","templated":true}]}}