{"id":66196,"date":"2012-02-24T17:49:39","date_gmt":"2012-02-24T17:49:39","guid":{"rendered":"http:\/\/diariodominicano.ddns.net\/?p=66196"},"modified":"2012-02-24T17:49:39","modified_gmt":"2012-02-24T17:49:39","slug":"recibiran-premio-cesar-las-mejores-peliculas-francesas","status":"publish","type":"post","link":"https:\/\/diariodominicano.com\/?p=66196","title":{"rendered":"Recibir\u00e1n premio C\u00e9sar las mejores pel\u00edculas francesas"},"content":{"rendered":"<p><body><\/p>\n<p><img decoding=\"async\" src=\"img3\/les cesar du cinema.jpg\" \/>  <\/p>\n<p><span class=\"text1noticias\">Par\u00eds, 24 feb (PL).-  La XXXVII edici\u00f3n de los Premios C\u00e9sar galardonar\u00e1 hoy a las mejores producciones f\u00edlmicas de Francia durante 2011, a\u00f1o considerado como el del renacimiento de la cinematograf\u00eda gala.<\/span><\/p>\n<\/p>\n<p><span class=\"text1noticias\">Entre las obras destacadas durante este per\u00edodo figura \u00abLos Intocables\u00bb, una cinta de bajo presupuesto que barri\u00f3 con varios r\u00e9cord de audiencia en las salas del pa\u00eds y fue calificada de evento cultural del a\u00f1o.<\/span><\/p>\n<\/p>\n<p><span class=\"text1noticias\">A pesar de su \u00e9xito, no result\u00f3 la m\u00e1s nominada, un m\u00e9rito que correspondi\u00f3 sorpresivamente a \u00abPolisse\u00bb, de la directora Maiwenn, quien ya se hizo con el Premio del Jurado en Cannes y tiene 13 propuestas para los C\u00e9sar de este viernes.<\/span><\/p>\n<\/p>\n<p><span class=\"text1noticias\">La pel\u00edcula narra con crudeza la vida en una unidad policial de atenci\u00f3n a menores, en el que se mezclan casos de pederastia, abusos, maltratos y delincuencia juvenil, todo ello entrelazado con la realidad cotidiana y familiar de los agentes.<\/span><\/p>\n<\/p>\n<p><span class=\"text1noticias\">Con 11 nominaciones le sigue \u00abEl Artista\u00bb, filme en blanco y negro que sorprendi\u00f3 gratamente a especialistas y aficionados del s\u00e9ptimo arte y es firme candidato a obtener varios galardones.<\/span><\/p>\n<\/p>\n<p><span class=\"text1noticias\">Entre otras propuestas hechas por los miembros de la Academia francesa de cine figuran \u00abEl ejercicio de Estado\u00bb y \u00abLa guerra est\u00e1 declarada\u00bb.<\/span><\/p>\n<\/p>\n<p><span class=\"text1noticias\">Ser\u00e1n entregados un total de 21 trofeos, aunque las miradas estar\u00e1n puestas, como es habitual, en los correspondientes a mejor pel\u00edcula, mejor actor masculino y femenino y mejor director.<\/span><\/p>\n<\/p>\n<p><span class=\"text1noticias\">Tambi\u00e9n se premiar\u00e1 a la mejor pel\u00edcula extranjera y entre las nominadas destacan \u00abEl discurso del rey\u00bb, \u00abMelancol\u00eda\u00bb, \u00abEl cisne negro\u00bb, \u00abLa muchacha del velo\u00bb, \u00abIncendios\u00bb, \u00abDrive\u00bb y \u00abUna separaci\u00f3n\u00bb.<\/span><\/p>\n<\/p>\n<p><span class=\"text1noticias\">Organizada por la Academia de Artes y T\u00e9cnicas de Cine, la primera entrega de los premios se realiz\u00f3 el 3 de abril de 1976, bajo la presidencia del emblem\u00e1tico actor franc\u00e9s Jean Gavin.<\/span><\/p>\n<\/p>\n<p><span class=\"text1noticias\">Los C\u00e9sar fueron denominados as\u00ed por el fundador de la Academia, Georges Cravenne, por ser el nombre de un amigo suyo escultor y creador de la estatuilla que se entrega cada a\u00f1o a los premiados<\/span>.<\/p>\n<h6> 2012-02-24 17:49:39 <\/h6>\n<p><!--\n<link rel=\"stylesheet\" href=\"css\/bootstrap.min.css\">\n\n\n<ul class=\"pagination\">\n\t    \n\t\n\n<li >\n\t<a href='?page_no=17873'>Previous<\/a>\n\t<\/li>\n\n\n       \n    \n\n<li><a href='?page_no=1'>1<\/a><\/li>\n\n\n\n<li><a href='?page_no=2'>2<\/a><\/li>\n\n\n\n<li><a>...<\/a><\/li>\n\n\n\n<li><a href='?page_no=17872'>17872<\/a><\/li>\n\n\n\n<li><a href='?page_no=17873'>17873<\/a><\/li>\n\n\n\n<li class='active'><a>17874<\/a><\/li>\n\n\n\n<li><a href='?page_no=17875'>17875<\/a><\/li>\n\n\n\n<li><a href='?page_no=17876'>17876<\/a><\/li>\n\n\n\n<li><a>...<\/a><\/li>\n\n\n\n<li><a href='?page_no=22911'>22911<\/a><\/li>\n\n\n\n<li><a href='?page_no=22912'>22912<\/a><\/li>\n\n    \n\t\n\n<li >\n\t<a href='?page_no=17875'>Next<\/a>\n\t<\/li>\n\n\n    \n\n<li><a href='?page_no=22912'>Last &rsaquo;&rsaquo;<\/a><\/li>\n\n<\/ul>\n\n\n--><br \/>\n<\/body><\/p>\n","protected":false},"excerpt":{"rendered":"<p>Par\u00eds, 24 feb (PL).- La XXXVII edici\u00f3n de los Premios C\u00e9sar galardonar\u00e1 hoy a las mejores producciones f\u00edlmicas de Francia durante 2011, a\u00f1o considerado como el del renacimiento de la cinematograf\u00eda gala. Entre las obras destacadas durante este per\u00edodo figura \u00abLos Intocables\u00bb, una cinta de bajo presupuesto que barri\u00f3 con varios r\u00e9cord de audiencia en [&hellip;]<\/p>\n","protected":false},"author":3,"featured_media":0,"comment_status":"open","ping_status":"open","sticky":false,"template":"","format":"standard","meta":{"footnotes":""},"categories":[21],"tags":[],"class_list":["post-66196","post","type-post","status-publish","format-standard","hentry","category-cultura"],"_links":{"self":[{"href":"https:\/\/diariodominicano.com\/index.php?rest_route=\/wp\/v2\/posts\/66196","targetHints":{"allow":["GET"]}}],"collection":[{"href":"https:\/\/diariodominicano.com\/index.php?rest_route=\/wp\/v2\/posts"}],"about":[{"href":"https:\/\/diariodominicano.com\/index.php?rest_route=\/wp\/v2\/types\/post"}],"author":[{"embeddable":true,"href":"https:\/\/diariodominicano.com\/index.php?rest_route=\/wp\/v2\/users\/3"}],"replies":[{"embeddable":true,"href":"https:\/\/diariodominicano.com\/index.php?rest_route=%2Fwp%2Fv2%2Fcomments&post=66196"}],"version-history":[{"count":0,"href":"https:\/\/diariodominicano.com\/index.php?rest_route=\/wp\/v2\/posts\/66196\/revisions"}],"wp:attachment":[{"href":"https:\/\/diariodominicano.com\/index.php?rest_route=%2Fwp%2Fv2%2Fmedia&parent=66196"}],"wp:term":[{"taxonomy":"category","embeddable":true,"href":"https:\/\/diariodominicano.com\/index.php?rest_route=%2Fwp%2Fv2%2Fcategories&post=66196"},{"taxonomy":"post_tag","embeddable":true,"href":"https:\/\/diariodominicano.com\/index.php?rest_route=%2Fwp%2Fv2%2Ftags&post=66196"}],"curies":[{"name":"wp","href":"https:\/\/api.w.org\/{rel}","templated":true}]}}