{"id":66195,"date":"2012-02-24T20:24:44","date_gmt":"2012-02-24T20:24:44","guid":{"rendered":"http:\/\/diariodominicano.ddns.net\/?p=66195"},"modified":"2012-02-24T20:24:44","modified_gmt":"2012-02-24T20:24:44","slug":"ministerio-de-la-juventud-continua-con-segundo-maraton-juvenil-de-lectura","status":"publish","type":"post","link":"https:\/\/diariodominicano.com\/?p=66195","title":{"rendered":"&#13;Ministerio de la Juventud contin\u00faa con segundo Marat\u00f3n Juvenil de Lectura"},"content":{"rendered":"<p><body><\/p>\n<p><img decoding=\"async\" src=\"img3\/Maraton de lectura-1.JPG\" \/><br \/><img decoding=\"async\" src=\"img3\/Maraton de lectura-2.JPG\" \/>  <\/p>\n<p><span class=\"text1noticias\">BARAHONA, 24 Feb 2012.-El Ministerio de la Juventud contin\u00fao con  la celebraci\u00f3n del segundo Marat\u00f3n Juvenil de Lectura 2012, con el que se busca establecer una nueva marca de 1000 horas de lectura contin\u00faa en voz alta, equivalente a 42 d\u00edas.<\/span><\/p>\n<p><span class=\"text1noticias\"> <\/span><\/p>\n<p><span class=\"text1noticias\"> La informaci\u00f3n fue dada a conocer por el Ministro de la Juventud licenciado Franklin Rodr\u00edguez, en rueda de prensa celebrada en la Gobernaci\u00f3n, quien manifest\u00f3 que hasta el momento la jornada se ha realizado en 13 municipios perteneciente a las provincias de Pedernales y Barahona quienes leyeron m\u00e1s de 85 horas<\/span><\/p>\n<p><span class=\"text1noticias\"> <\/span><\/p>\n<p><span class=\"text1noticias\">Se\u00f1alo que la jornada de lectura bajo el lema  \u00abPor amor a Dios y a la Patria\u00bb, no parar\u00e1 hasta llegar las mil horas, para demostrar la capacidad del joven dominicano cuando se traza metas, en esta ocasi\u00f3n los j\u00f3venes leen la Biblia y la Constituci\u00f3n, proclamada el 26 de enero del a\u00f1o 2011.<\/span><\/p>\n<p><span class=\"text1noticias\"> <\/span><\/p>\n<p><span class=\"text1noticias\">Adem\u00e1s  asistieron el gobernador Pedro Pe\u00f1a Rubio, el diputado Mariano Montero, el viceministro de la Juventud para la regi\u00f3n Sur Alberto Pel\u00e1ez Andino, Alfonso Castillo, Manuel Marrero, las 6 j\u00f3venes de este municipio que leyeron entre otros.<\/span><\/p>\n<p><span class=\"text1noticias\"> <\/span><\/p>\n<p><span class=\"text1noticias\">Rodr\u00edguez,  dijo que los  930 j\u00f3venes seleccionados en todo el pa\u00eds marchan tras el record que poseen tambi\u00e9n cinco dominicanos.<\/span><\/p>\n<p><span class=\"text1noticias\"> <\/span><\/p>\n<p><span class=\"text1noticias\"> \u00abY como dije al finalizar la primera edici\u00f3n del Marat\u00f3n Juvenil de Lectura hoy exhortamos nueva vez a  la juventud dominicana que contar\u00e1 con nuestro apoyo, para establecer una nueva marca, y manifestamos nuestra identificaci\u00f3n con la conquista de ese nuevo record que ustedes j\u00f3venes se han propuesto\u00bb, expres\u00f3 Rodr\u00edguez.<\/span><\/p>\n<p><span class=\"text1noticias\"> <\/span><\/p>\n<p><span class=\"text1noticias\">El Ministro, inform\u00f3 que el objetivo fundamental del proyecto es promover una cultura de lectura en el pa\u00eds, tal y como se hizo recientemente  cuando cinco j\u00f3venes de la provincia Valverde leyeron 365 horas y 39 segundo continuas, estableciendo una nueva marca mundial en el libro de R\u00e9cord  Guinness.<\/span><\/p>\n<p><span class=\"text1noticias\"> <\/span><\/p>\n<p><span class=\"text1noticias\">Rodr\u00edguez dijo que a diferencia de la jornada anterior, donde solo participaron j\u00f3venes de Valverde, en este tendr\u00e1n presencia los 155 municipios distribuidos en las 31 provincias, as\u00ed como el Distrito Nacional.<\/span><\/p>\n<p><span class=\"text1noticias\"> <\/span><\/p>\n<p><span class=\"text1noticias\">La Pastoral Juvenil, el Codue Juvenil y la Adventista, el Ministerio de Educaci\u00f3n a trav\u00e9s de los Distritos Educativos y las Asociaciones de Estudiantes se han encargado  de seleccionar a los participantes.<\/span><\/p>\n<\/p>\n<h6> 2012-02-24 20:24:44 <\/h6>\n<p><!--\n<link rel=\"stylesheet\" href=\"css\/bootstrap.min.css\">\n\n\n<ul class=\"pagination\">\n\t    \n\t\n\n<li >\n\t<a href='?page_no=17872'>Previous<\/a>\n\t<\/li>\n\n\n       \n    \n\n<li><a href='?page_no=1'>1<\/a><\/li>\n\n\n\n<li><a href='?page_no=2'>2<\/a><\/li>\n\n\n\n<li><a>...<\/a><\/li>\n\n\n\n<li><a href='?page_no=17871'>17871<\/a><\/li>\n\n\n\n<li><a href='?page_no=17872'>17872<\/a><\/li>\n\n\n\n<li class='active'><a>17873<\/a><\/li>\n\n\n\n<li><a href='?page_no=17874'>17874<\/a><\/li>\n\n\n\n<li><a href='?page_no=17875'>17875<\/a><\/li>\n\n\n\n<li><a>...<\/a><\/li>\n\n\n\n<li><a href='?page_no=22911'>22911<\/a><\/li>\n\n\n\n<li><a href='?page_no=22912'>22912<\/a><\/li>\n\n    \n\t\n\n<li >\n\t<a href='?page_no=17874'>Next<\/a>\n\t<\/li>\n\n\n    \n\n<li><a href='?page_no=22912'>Last &rsaquo;&rsaquo;<\/a><\/li>\n\n<\/ul>\n\n\n--><br \/>\n<\/body><\/p>\n","protected":false},"excerpt":{"rendered":"<p>BARAHONA, 24 Feb 2012.-El Ministerio de la Juventud contin\u00fao con la celebraci\u00f3n del segundo Marat\u00f3n Juvenil de Lectura 2012, con el que se busca establecer una nueva marca de 1000 horas de lectura contin\u00faa en voz alta, equivalente a 42 d\u00edas. La informaci\u00f3n fue dada a conocer por el Ministro de la Juventud licenciado Franklin [&hellip;]<\/p>\n","protected":false},"author":3,"featured_media":0,"comment_status":"open","ping_status":"open","sticky":false,"template":"","format":"standard","meta":{"footnotes":""},"categories":[21],"tags":[],"class_list":["post-66195","post","type-post","status-publish","format-standard","hentry","category-cultura"],"_links":{"self":[{"href":"https:\/\/diariodominicano.com\/index.php?rest_route=\/wp\/v2\/posts\/66195","targetHints":{"allow":["GET"]}}],"collection":[{"href":"https:\/\/diariodominicano.com\/index.php?rest_route=\/wp\/v2\/posts"}],"about":[{"href":"https:\/\/diariodominicano.com\/index.php?rest_route=\/wp\/v2\/types\/post"}],"author":[{"embeddable":true,"href":"https:\/\/diariodominicano.com\/index.php?rest_route=\/wp\/v2\/users\/3"}],"replies":[{"embeddable":true,"href":"https:\/\/diariodominicano.com\/index.php?rest_route=%2Fwp%2Fv2%2Fcomments&post=66195"}],"version-history":[{"count":0,"href":"https:\/\/diariodominicano.com\/index.php?rest_route=\/wp\/v2\/posts\/66195\/revisions"}],"wp:attachment":[{"href":"https:\/\/diariodominicano.com\/index.php?rest_route=%2Fwp%2Fv2%2Fmedia&parent=66195"}],"wp:term":[{"taxonomy":"category","embeddable":true,"href":"https:\/\/diariodominicano.com\/index.php?rest_route=%2Fwp%2Fv2%2Fcategories&post=66195"},{"taxonomy":"post_tag","embeddable":true,"href":"https:\/\/diariodominicano.com\/index.php?rest_route=%2Fwp%2Fv2%2Ftags&post=66195"}],"curies":[{"name":"wp","href":"https:\/\/api.w.org\/{rel}","templated":true}]}}