{"id":66194,"date":"2012-02-24T20:28:21","date_gmt":"2012-02-24T20:28:21","guid":{"rendered":"http:\/\/diariodominicano.ddns.net\/?p=66194"},"modified":"2012-02-24T20:28:21","modified_gmt":"2012-02-24T20:28:21","slug":"se-extienden-exposiciones-en-el-mam","status":"publish","type":"post","link":"https:\/\/diariodominicano.com\/?p=66194","title":{"rendered":"Se extienden exposiciones en el MAM"},"content":{"rendered":"<p><body><\/p>\n<p><img decoding=\"async\" src=\"img3\/museo moderno rd.JPG\" \/><br \/><img decoding=\"async\" src=\"img3\/El Monaguillo Rincon Mora.JPG\" \/><br \/><img decoding=\"async\" src=\"img3\/Raul Morilla Ensimismado.JPG\" \/>  <\/p>\n<p><span class=\"text1noticias\">SANTO DOMINGO, 24 Feb 2012.-El Museo de Arte Moderno decidi\u00f3 extender las exposiciones individuales \u00abEnsimismado\u00bb de Ra\u00fal Morilla y  \u00abRetrospectiva\u00bb de Jos\u00e9 Rinc\u00f3n Mora, gracias al \u00e9xito obtenido.<\/span><\/p>\n<\/p>\n<p><span class=\"text1noticias\"> La video-instalaci\u00f3n \u00abEnsimismado\u00bb, de Ra\u00fal Morilla, donde el artista presenta una propuesta que evoca el individualismo, el enajenamiento y el ego\u00edsmo en que vive actualmente la humanidad, lo que ha conllevado a que hasta la naturaleza se vea afectada y ejecute su parte tambi\u00e9n, ha sido extendida hasta principios de mayo. <\/span><\/p>\n<\/p>\n<p><span class=\"text1noticias\">Mientras que la exposici\u00f3n \u00abRetrospectiva\u00bb de Jos\u00e9 Rinc\u00f3n Mora  fue extendida hasta el 31 de marzo. <\/span><\/p>\n<\/p>\n<p><span class=\"text1noticias\">En esta muestra, el artista presenta m\u00e1s de un centenar de obras que incluyen objetos de arte y proyectos arquitect\u00f3nicos mostrados en interesantes maquetas que son exhibidos en el segundo nivel del MAM.<\/span><\/p>\n<\/p>\n<p><span class=\"text1noticias\">El Museo de Arte Moderno de la Rep\u00fablica Dominicana est\u00e1 localizado en la Av. Pedro Henr\u00edquez Ure\u00f1a, Plaza de la Cultura Juan Pablo Duarte, en horario de martes a domingos de 9:00 a.m., a  5:00 p.m.<\/span><\/p>\n<p><span class=\"text1noticias\"> <\/span><\/p>\n<\/p>\n<h6> 2012-02-24 20:28:21 <\/h6>\n<p><!--\n<link rel=\"stylesheet\" href=\"css\/bootstrap.min.css\">\n\n\n<ul class=\"pagination\">\n\t    \n\t\n\n<li >\n\t<a href='?page_no=17871'>Previous<\/a>\n\t<\/li>\n\n\n       \n    \n\n<li><a href='?page_no=1'>1<\/a><\/li>\n\n\n\n<li><a href='?page_no=2'>2<\/a><\/li>\n\n\n\n<li><a>...<\/a><\/li>\n\n\n\n<li><a href='?page_no=17870'>17870<\/a><\/li>\n\n\n\n<li><a href='?page_no=17871'>17871<\/a><\/li>\n\n\n\n<li class='active'><a>17872<\/a><\/li>\n\n\n\n<li><a href='?page_no=17873'>17873<\/a><\/li>\n\n\n\n<li><a href='?page_no=17874'>17874<\/a><\/li>\n\n\n\n<li><a>...<\/a><\/li>\n\n\n\n<li><a href='?page_no=22911'>22911<\/a><\/li>\n\n\n\n<li><a href='?page_no=22912'>22912<\/a><\/li>\n\n    \n\t\n\n<li >\n\t<a href='?page_no=17873'>Next<\/a>\n\t<\/li>\n\n\n    \n\n<li><a href='?page_no=22912'>Last &rsaquo;&rsaquo;<\/a><\/li>\n\n<\/ul>\n\n\n--><br \/>\n<\/body><\/p>\n","protected":false},"excerpt":{"rendered":"<p>SANTO DOMINGO, 24 Feb 2012.-El Museo de Arte Moderno decidi\u00f3 extender las exposiciones individuales \u00abEnsimismado\u00bb de Ra\u00fal Morilla y \u00abRetrospectiva\u00bb de Jos\u00e9 Rinc\u00f3n Mora, gracias al \u00e9xito obtenido. La video-instalaci\u00f3n \u00abEnsimismado\u00bb, de Ra\u00fal Morilla, donde el artista presenta una propuesta que evoca el individualismo, el enajenamiento y el ego\u00edsmo en que vive actualmente la humanidad, [&hellip;]<\/p>\n","protected":false},"author":3,"featured_media":0,"comment_status":"open","ping_status":"open","sticky":false,"template":"","format":"standard","meta":{"footnotes":""},"categories":[21],"tags":[],"class_list":["post-66194","post","type-post","status-publish","format-standard","hentry","category-cultura"],"_links":{"self":[{"href":"https:\/\/diariodominicano.com\/index.php?rest_route=\/wp\/v2\/posts\/66194","targetHints":{"allow":["GET"]}}],"collection":[{"href":"https:\/\/diariodominicano.com\/index.php?rest_route=\/wp\/v2\/posts"}],"about":[{"href":"https:\/\/diariodominicano.com\/index.php?rest_route=\/wp\/v2\/types\/post"}],"author":[{"embeddable":true,"href":"https:\/\/diariodominicano.com\/index.php?rest_route=\/wp\/v2\/users\/3"}],"replies":[{"embeddable":true,"href":"https:\/\/diariodominicano.com\/index.php?rest_route=%2Fwp%2Fv2%2Fcomments&post=66194"}],"version-history":[{"count":0,"href":"https:\/\/diariodominicano.com\/index.php?rest_route=\/wp\/v2\/posts\/66194\/revisions"}],"wp:attachment":[{"href":"https:\/\/diariodominicano.com\/index.php?rest_route=%2Fwp%2Fv2%2Fmedia&parent=66194"}],"wp:term":[{"taxonomy":"category","embeddable":true,"href":"https:\/\/diariodominicano.com\/index.php?rest_route=%2Fwp%2Fv2%2Fcategories&post=66194"},{"taxonomy":"post_tag","embeddable":true,"href":"https:\/\/diariodominicano.com\/index.php?rest_route=%2Fwp%2Fv2%2Ftags&post=66194"}],"curies":[{"name":"wp","href":"https:\/\/api.w.org\/{rel}","templated":true}]}}