{"id":66193,"date":"2012-02-24T20:34:13","date_gmt":"2012-02-24T20:34:13","guid":{"rendered":"http:\/\/diariodominicano.ddns.net\/?p=66193"},"modified":"2012-02-24T20:34:13","modified_gmt":"2012-02-24T20:34:13","slug":"ministerio-de-educacion-llama-al-pueblo-a-participar-de-actividades-de-independencia-de-este-proximo-27-de-febrero","status":"publish","type":"post","link":"https:\/\/diariodominicano.com\/?p=66193","title":{"rendered":"&#13;Ministerio de Educaci\u00f3n llama al pueblo a participar de actividades de independencia de este pr\u00f3ximo 27 de Febrero&#13;"},"content":{"rendered":"<p><body><\/p>\n<p><span class=\"text1noticias\">SANTO DOMINGO, 24 Feb 2012.-En el marco del mes de la patria, el Ministerio de Educaci\u00f3n, a trav\u00e9s del Viceministerio de Asuntos Culturales, conmemora durante toda esta semana el aniversario de la independencia nacional, y los padres de la patria, resaltando el papel preponderante de Juan Pablo Duarte, como ide\u00f3logo y mentor de la misma; as\u00ed como el papel estelar desempe\u00f1ando por Francisco del Rosario S\u00e1nchez, estratega y organizador por excelencia.<\/span><\/p>\n<\/p>\n<p><span class=\"text1noticias\">Tambi\u00e9n el aniversario del pr\u00f3cer y estratega militar, Matias Ramon Mella, con actividades diversas entre las cuales est\u00e1 el destacar los aportes patri\u00f3ticos, pol\u00edticos y militares del autor del trabucazo del 27 de Febrero de 1844.<\/span><\/p>\n<\/p>\n<p><span class=\"text1noticias\">El pr\u00f3cer Mat\u00edas Ram\u00f3n Mella escribi\u00f3 un manual de estrategia de guerra, que fue utilizado en la guerra de la restauraci\u00f3n de la rep\u00fablica y que el mismo se internacionaliz\u00f3, al ser aplicado por el General\u00edsimo Maximo Gomez en la guerra de guerrilla que desarroll\u00f3 en contra de los espa\u00f1oles en cuba hasta procurar la independencia de esta naci\u00f3n de manera definitiva en el siglo XIX. <\/span><\/p>\n<\/p>\n<p><span class=\"text1noticias\">Seg\u00fan Fidel Castro en conversaciones que tuvo con el profesor Juan Bosch y posteriormente con nuestro presidente el Dr. Leonel Fern\u00e1ndez, el manual de guerra aplicado por M\u00e1ximo G\u00f3mez en cuba se internacionaliz\u00f3, al extremo que no s\u00f3lo los pueblos del Caribe lo utilizaron, tambi\u00e9n se utiliz\u00f3 en America del Sur, en pueblos como Argentina, Chile, Colombia, Bolivia y Venezuela. Efectivamente, es el manual de guerra que puso en marcha el gran pr\u00f3cer dominicano y padre de la patria, Mat\u00edas Ram\u00f3n Mella, durante la Guerra de la Restauraci\u00f3n de la Rep\u00fablica.<\/span><\/p>\n<\/p>\n<p><span class=\"text1noticias\">Juan Bosch, que escribi\u00f3 el libro \u00abMaximo G\u00f3mez: de Montecristi a la gloria\u00bb, manifest\u00f3 que fue tan exitosa la guerra de guerrillas contra los espa\u00f1oles, que un peri\u00f3dico londinense calific\u00f3 a Maximo G\u00f3mez con el titulo de: \u00abEl Napoleon de las Guerrillas\u00bb, compar\u00e1ndolo con el gran estratega de guerra en Europa Napoleon Bonaparte.<\/span><\/p>\n<\/p>\n<p><span class=\"text1noticias\">La semana de conmemoraci\u00f3n de Mat\u00edas Ram\u00f3n Mella se celebrar\u00e1 en todo el pa\u00eds con actividades en las escuelas diversas, que incluyen: mesas redondas, conferencias, dramatizaciones, ofrendas florales, marchas y desfiles en todo el pa\u00eds por una cultura patri\u00f3tica y en contra del narcotr\u00e1fico y la delincuencia. Entre esas actividades se incluye una conferencia que dictar\u00e1 el Lic. Luis de Le\u00f3n, en el municipio de Mella, provincia Independencia el pr\u00f3ximo viernes a las 7 de la noche, con el tema \u00abLos aportes de Mella a las guerras de independencias Latinoamericanas\u00bb.<\/span><\/p>\n<\/p>\n<h6> 2012-02-24 20:34:13 <\/h6>\n<p><!--\n<link rel=\"stylesheet\" href=\"css\/bootstrap.min.css\">\n\n\n<ul class=\"pagination\">\n\t    \n\t\n\n<li >\n\t<a href='?page_no=17870'>Previous<\/a>\n\t<\/li>\n\n\n       \n    \n\n<li><a href='?page_no=1'>1<\/a><\/li>\n\n\n\n<li><a href='?page_no=2'>2<\/a><\/li>\n\n\n\n<li><a>...<\/a><\/li>\n\n\n\n<li><a href='?page_no=17869'>17869<\/a><\/li>\n\n\n\n<li><a href='?page_no=17870'>17870<\/a><\/li>\n\n\n\n<li class='active'><a>17871<\/a><\/li>\n\n\n\n<li><a href='?page_no=17872'>17872<\/a><\/li>\n\n\n\n<li><a href='?page_no=17873'>17873<\/a><\/li>\n\n\n\n<li><a>...<\/a><\/li>\n\n\n\n<li><a href='?page_no=22911'>22911<\/a><\/li>\n\n\n\n<li><a href='?page_no=22912'>22912<\/a><\/li>\n\n    \n\t\n\n<li >\n\t<a href='?page_no=17872'>Next<\/a>\n\t<\/li>\n\n\n    \n\n<li><a href='?page_no=22912'>Last &rsaquo;&rsaquo;<\/a><\/li>\n\n<\/ul>\n\n\n--><br \/>\n<\/body><\/p>\n","protected":false},"excerpt":{"rendered":"<p>SANTO DOMINGO, 24 Feb 2012.-En el marco del mes de la patria, el Ministerio de Educaci\u00f3n, a trav\u00e9s del Viceministerio de Asuntos Culturales, conmemora durante toda esta semana el aniversario de la independencia nacional, y los padres de la patria, resaltando el papel preponderante de Juan Pablo Duarte, como ide\u00f3logo y mentor de la misma; [&hellip;]<\/p>\n","protected":false},"author":3,"featured_media":0,"comment_status":"open","ping_status":"open","sticky":false,"template":"","format":"standard","meta":{"footnotes":""},"categories":[21],"tags":[],"class_list":["post-66193","post","type-post","status-publish","format-standard","hentry","category-cultura"],"_links":{"self":[{"href":"https:\/\/diariodominicano.com\/index.php?rest_route=\/wp\/v2\/posts\/66193","targetHints":{"allow":["GET"]}}],"collection":[{"href":"https:\/\/diariodominicano.com\/index.php?rest_route=\/wp\/v2\/posts"}],"about":[{"href":"https:\/\/diariodominicano.com\/index.php?rest_route=\/wp\/v2\/types\/post"}],"author":[{"embeddable":true,"href":"https:\/\/diariodominicano.com\/index.php?rest_route=\/wp\/v2\/users\/3"}],"replies":[{"embeddable":true,"href":"https:\/\/diariodominicano.com\/index.php?rest_route=%2Fwp%2Fv2%2Fcomments&post=66193"}],"version-history":[{"count":0,"href":"https:\/\/diariodominicano.com\/index.php?rest_route=\/wp\/v2\/posts\/66193\/revisions"}],"wp:attachment":[{"href":"https:\/\/diariodominicano.com\/index.php?rest_route=%2Fwp%2Fv2%2Fmedia&parent=66193"}],"wp:term":[{"taxonomy":"category","embeddable":true,"href":"https:\/\/diariodominicano.com\/index.php?rest_route=%2Fwp%2Fv2%2Fcategories&post=66193"},{"taxonomy":"post_tag","embeddable":true,"href":"https:\/\/diariodominicano.com\/index.php?rest_route=%2Fwp%2Fv2%2Ftags&post=66193"}],"curies":[{"name":"wp","href":"https:\/\/api.w.org\/{rel}","templated":true}]}}