{"id":66191,"date":"2012-02-25T14:34:58","date_gmt":"2012-02-25T14:34:58","guid":{"rendered":"http:\/\/diariodominicano.ddns.net\/?p=66191"},"modified":"2012-02-25T14:34:58","modified_gmt":"2012-02-25T14:34:58","slug":"despiden-dominicanos-que-estudiaran-en-cuba","status":"publish","type":"post","link":"https:\/\/diariodominicano.com\/?p=66191","title":{"rendered":"Despiden dominicanos que estudiar\u00e1n en Cuba"},"content":{"rendered":"<p><body><\/p>\n<p><span class=\"text1noticias\">Santo Domingo, RD 25 febrero(PL).- Quince j\u00f3venes dominicanos se unir\u00e1n en breve a los 344 estudiantes de este pa\u00eds que cursan carreras en Cuba, casi todos en la Escuela Latinoamericana de Medicina.<\/span><\/p>\n<p><span class=\"text1noticias\"> <\/span><\/p>\n<p><span class=\"text1noticias\">Al despedirlos en su residencia, el embajador de Cuba, Alexis Bandrich, les dijo que son muchos los lazos hist\u00f3ricos de amistad y solidaridad que unen a Cuba con Rep\u00fablica Dominicana, comenzando con el indio Hatuey, quien prefiri\u00f3 morir en la hoguera que desistir de sus ideales de libertad frente al colonialismo espa\u00f1ol.<\/span><\/p>\n<p><span class=\"text1noticias\"> <\/span><\/p>\n<p><span class=\"text1noticias\">Gilberto Dizla, director general del sistema de becas del Ministerio de Educaci\u00f3n Superior dominicano, dijo que crece la colaboraci\u00f3n con Cuba y anunci\u00f3 que Dominicana est\u00e1 en el umbral de un convenio que expandir\u00e1 las relaciones en este campo y no solo en la medicina, de cuya especialidad ya ha habido siete graduaciones<\/span>.<\/p>\n<\/p>\n<\/p>\n<\/p>\n<h6> 2012-02-25 14:34:58 <\/h6>\n<p><!--\n<link rel=\"stylesheet\" href=\"css\/bootstrap.min.css\">\n\n\n<ul class=\"pagination\">\n\t    \n\t\n\n<li >\n\t<a href='?page_no=17868'>Previous<\/a>\n\t<\/li>\n\n\n       \n    \n\n<li><a href='?page_no=1'>1<\/a><\/li>\n\n\n\n<li><a href='?page_no=2'>2<\/a><\/li>\n\n\n\n<li><a>...<\/a><\/li>\n\n\n\n<li><a href='?page_no=17867'>17867<\/a><\/li>\n\n\n\n<li><a href='?page_no=17868'>17868<\/a><\/li>\n\n\n\n<li class='active'><a>17869<\/a><\/li>\n\n\n\n<li><a href='?page_no=17870'>17870<\/a><\/li>\n\n\n\n<li><a href='?page_no=17871'>17871<\/a><\/li>\n\n\n\n<li><a>...<\/a><\/li>\n\n\n\n<li><a href='?page_no=22911'>22911<\/a><\/li>\n\n\n\n<li><a href='?page_no=22912'>22912<\/a><\/li>\n\n    \n\t\n\n<li >\n\t<a href='?page_no=17870'>Next<\/a>\n\t<\/li>\n\n\n    \n\n<li><a href='?page_no=22912'>Last &rsaquo;&rsaquo;<\/a><\/li>\n\n<\/ul>\n\n\n--><br \/>\n<\/body><\/p>\n","protected":false},"excerpt":{"rendered":"<p>Santo Domingo, RD 25 febrero(PL).- Quince j\u00f3venes dominicanos se unir\u00e1n en breve a los 344 estudiantes de este pa\u00eds que cursan carreras en Cuba, casi todos en la Escuela Latinoamericana de Medicina. Al despedirlos en su residencia, el embajador de Cuba, Alexis Bandrich, les dijo que son muchos los lazos hist\u00f3ricos de amistad y solidaridad [&hellip;]<\/p>\n","protected":false},"author":3,"featured_media":0,"comment_status":"open","ping_status":"open","sticky":false,"template":"","format":"standard","meta":{"footnotes":""},"categories":[21],"tags":[],"class_list":["post-66191","post","type-post","status-publish","format-standard","hentry","category-cultura"],"_links":{"self":[{"href":"https:\/\/diariodominicano.com\/index.php?rest_route=\/wp\/v2\/posts\/66191","targetHints":{"allow":["GET"]}}],"collection":[{"href":"https:\/\/diariodominicano.com\/index.php?rest_route=\/wp\/v2\/posts"}],"about":[{"href":"https:\/\/diariodominicano.com\/index.php?rest_route=\/wp\/v2\/types\/post"}],"author":[{"embeddable":true,"href":"https:\/\/diariodominicano.com\/index.php?rest_route=\/wp\/v2\/users\/3"}],"replies":[{"embeddable":true,"href":"https:\/\/diariodominicano.com\/index.php?rest_route=%2Fwp%2Fv2%2Fcomments&post=66191"}],"version-history":[{"count":0,"href":"https:\/\/diariodominicano.com\/index.php?rest_route=\/wp\/v2\/posts\/66191\/revisions"}],"wp:attachment":[{"href":"https:\/\/diariodominicano.com\/index.php?rest_route=%2Fwp%2Fv2%2Fmedia&parent=66191"}],"wp:term":[{"taxonomy":"category","embeddable":true,"href":"https:\/\/diariodominicano.com\/index.php?rest_route=%2Fwp%2Fv2%2Fcategories&post=66191"},{"taxonomy":"post_tag","embeddable":true,"href":"https:\/\/diariodominicano.com\/index.php?rest_route=%2Fwp%2Fv2%2Ftags&post=66191"}],"curies":[{"name":"wp","href":"https:\/\/api.w.org\/{rel}","templated":true}]}}