{"id":66190,"date":"2012-02-25T14:37:38","date_gmt":"2012-02-25T14:37:38","guid":{"rendered":"http:\/\/diariodominicano.ddns.net\/?p=66190"},"modified":"2012-02-25T14:37:38","modified_gmt":"2012-02-25T14:37:38","slug":"empresarios-apoyan-carnaval-santo-domingo-este","status":"publish","type":"post","link":"https:\/\/diariodominicano.com\/?p=66190","title":{"rendered":"Empresarios apoyan carnaval Santo Domingo Este"},"content":{"rendered":"<p><body><\/p>\n<p><span class=\"text1noticias\">Santo Domingo, Este, 25 febrero.- Empresarios de Santo Domingo Este respaldaron la quinta edici\u00f3n del carnaval de este municipio, que por quinto a\u00f1o consecutivo es organizado por el Ayuntamiento y el alcalde Juan de los Santos.<\/span><\/p>\n<\/p>\n<p><span class=\"text1noticias\">Empresarios como Luis Alberto Tejeda, presidente del Consorcio de Bancas La So\u00f1adora, respaldan econ\u00f3mica y log\u00edsticamente  esta fiesta cultural, que pone de manifiesto las tradiciones y creatividad de los mun\u00edcipes locales.<\/span><\/p>\n<\/p>\n<p><span class=\"text1noticias\">Tejeda, adem\u00e1s de ser uno de los patrocinadores del evento, es vicepresidente del comit\u00e9 organizador,  posici\u00f3n desde la cual trabaja busca del \u00e9xito la actividad.  Dijo que est\u00e1 comprometido con la juventud de Santo Domingo Este, por lo que no escatima esfuerzos para apoyar las iniciativas a beneficio de este segmento poblacional.<\/span><\/p>\n<\/p>\n<p><span class=\"text1noticias\">Llam\u00f3 a la poblaci\u00f3n respaldar el carnaval y acudir en masa el pr\u00f3ximo domingo a la avenida Espa\u00f1a a partir de las 2:00 de la tarde para que disfrute del colorido y creatividad de las m\u00e1s de 100 comparsas que desfilar\u00e1n<\/span>. <\/p>\n<\/p>\n<h6> 2012-02-25 14:37:38 <\/h6>\n<p><!--\n<link rel=\"stylesheet\" href=\"css\/bootstrap.min.css\">\n\n\n<ul class=\"pagination\">\n\t    \n\t\n\n<li >\n\t<a href='?page_no=17867'>Previous<\/a>\n\t<\/li>\n\n\n       \n    \n\n<li><a href='?page_no=1'>1<\/a><\/li>\n\n\n\n<li><a href='?page_no=2'>2<\/a><\/li>\n\n\n\n<li><a>...<\/a><\/li>\n\n\n\n<li><a href='?page_no=17866'>17866<\/a><\/li>\n\n\n\n<li><a href='?page_no=17867'>17867<\/a><\/li>\n\n\n\n<li class='active'><a>17868<\/a><\/li>\n\n\n\n<li><a href='?page_no=17869'>17869<\/a><\/li>\n\n\n\n<li><a href='?page_no=17870'>17870<\/a><\/li>\n\n\n\n<li><a>...<\/a><\/li>\n\n\n\n<li><a href='?page_no=22911'>22911<\/a><\/li>\n\n\n\n<li><a href='?page_no=22912'>22912<\/a><\/li>\n\n    \n\t\n\n<li >\n\t<a href='?page_no=17869'>Next<\/a>\n\t<\/li>\n\n\n    \n\n<li><a href='?page_no=22912'>Last &rsaquo;&rsaquo;<\/a><\/li>\n\n<\/ul>\n\n\n--><br \/>\n<\/body><\/p>\n","protected":false},"excerpt":{"rendered":"<p>Santo Domingo, Este, 25 febrero.- Empresarios de Santo Domingo Este respaldaron la quinta edici\u00f3n del carnaval de este municipio, que por quinto a\u00f1o consecutivo es organizado por el Ayuntamiento y el alcalde Juan de los Santos. Empresarios como Luis Alberto Tejeda, presidente del Consorcio de Bancas La So\u00f1adora, respaldan econ\u00f3mica y log\u00edsticamente esta fiesta cultural, [&hellip;]<\/p>\n","protected":false},"author":3,"featured_media":0,"comment_status":"open","ping_status":"open","sticky":false,"template":"","format":"standard","meta":{"footnotes":""},"categories":[21],"tags":[],"class_list":["post-66190","post","type-post","status-publish","format-standard","hentry","category-cultura"],"_links":{"self":[{"href":"https:\/\/diariodominicano.com\/index.php?rest_route=\/wp\/v2\/posts\/66190","targetHints":{"allow":["GET"]}}],"collection":[{"href":"https:\/\/diariodominicano.com\/index.php?rest_route=\/wp\/v2\/posts"}],"about":[{"href":"https:\/\/diariodominicano.com\/index.php?rest_route=\/wp\/v2\/types\/post"}],"author":[{"embeddable":true,"href":"https:\/\/diariodominicano.com\/index.php?rest_route=\/wp\/v2\/users\/3"}],"replies":[{"embeddable":true,"href":"https:\/\/diariodominicano.com\/index.php?rest_route=%2Fwp%2Fv2%2Fcomments&post=66190"}],"version-history":[{"count":0,"href":"https:\/\/diariodominicano.com\/index.php?rest_route=\/wp\/v2\/posts\/66190\/revisions"}],"wp:attachment":[{"href":"https:\/\/diariodominicano.com\/index.php?rest_route=%2Fwp%2Fv2%2Fmedia&parent=66190"}],"wp:term":[{"taxonomy":"category","embeddable":true,"href":"https:\/\/diariodominicano.com\/index.php?rest_route=%2Fwp%2Fv2%2Fcategories&post=66190"},{"taxonomy":"post_tag","embeddable":true,"href":"https:\/\/diariodominicano.com\/index.php?rest_route=%2Fwp%2Fv2%2Ftags&post=66190"}],"curies":[{"name":"wp","href":"https:\/\/api.w.org\/{rel}","templated":true}]}}