{"id":66189,"date":"2012-02-25T14:40:58","date_gmt":"2012-02-25T14:40:58","guid":{"rendered":"http:\/\/diariodominicano.ddns.net\/?p=66189"},"modified":"2012-02-25T14:40:58","modified_gmt":"2012-02-25T14:40:58","slug":"siguen-exposiciones-en-el-museo-de-arte-moderno","status":"publish","type":"post","link":"https:\/\/diariodominicano.com\/?p=66189","title":{"rendered":"Siguen exposiciones en el Museo de Arte Moderno"},"content":{"rendered":"<p><body><\/p>\n<p><span class=\"text1noticias\">Santo Domingo, RD 25 febrero.- El Museo de Arte Moderno (MAN) extendi\u00f3 las exposiciones individuales \u00abEnsimismado\u00bb, de Ra\u00fal Morilla y  \u00abRetrospectiva\u00bb, de Jos\u00e9 Rinc\u00f3n Mora, gracias al \u00e9xito obtenido.<\/span><\/p>\n<\/p>\n<p><span class=\"text1noticias\">La video-instalaci\u00f3n de Morilla concluir\u00e1 a principios de mayo. En la muestra el artista presenta una propuesta que evoca el individualismo, el enajenamiento y el ego\u00edsmo en que vive actualmente la humanidad, lo que ha conllevado a que hasta la naturaleza se vea afectada y ejecute tambi\u00e9n su parte.<\/span><\/p>\n<\/p>\n<p><span class=\"text1noticias\">Mientras que la exposici\u00f3n de Rinc\u00f3n Mora fue extendida hasta el 31 de marzo. En ella se encuentran m\u00e1s de un centenar de obras que incluyen objetos de arte y proyectos arquitect\u00f3nicos mostrados en interesantes maquetas que son exhibidos en el segundo nivel del MAM<\/span>.<\/p>\n<\/p>\n<\/p>\n<\/p>\n<h6> 2012-02-25 14:40:58 <\/h6>\n<p><!--\n<link rel=\"stylesheet\" href=\"css\/bootstrap.min.css\">\n\n\n<ul class=\"pagination\">\n\t    \n\t\n\n<li >\n\t<a href='?page_no=17866'>Previous<\/a>\n\t<\/li>\n\n\n       \n    \n\n<li><a href='?page_no=1'>1<\/a><\/li>\n\n\n\n<li><a href='?page_no=2'>2<\/a><\/li>\n\n\n\n<li><a>...<\/a><\/li>\n\n\n\n<li><a href='?page_no=17865'>17865<\/a><\/li>\n\n\n\n<li><a href='?page_no=17866'>17866<\/a><\/li>\n\n\n\n<li class='active'><a>17867<\/a><\/li>\n\n\n\n<li><a href='?page_no=17868'>17868<\/a><\/li>\n\n\n\n<li><a href='?page_no=17869'>17869<\/a><\/li>\n\n\n\n<li><a>...<\/a><\/li>\n\n\n\n<li><a href='?page_no=22911'>22911<\/a><\/li>\n\n\n\n<li><a href='?page_no=22912'>22912<\/a><\/li>\n\n    \n\t\n\n<li >\n\t<a href='?page_no=17868'>Next<\/a>\n\t<\/li>\n\n\n    \n\n<li><a href='?page_no=22912'>Last &rsaquo;&rsaquo;<\/a><\/li>\n\n<\/ul>\n\n\n--><br \/>\n<\/body><\/p>\n","protected":false},"excerpt":{"rendered":"<p>Santo Domingo, RD 25 febrero.- El Museo de Arte Moderno (MAN) extendi\u00f3 las exposiciones individuales \u00abEnsimismado\u00bb, de Ra\u00fal Morilla y \u00abRetrospectiva\u00bb, de Jos\u00e9 Rinc\u00f3n Mora, gracias al \u00e9xito obtenido. La video-instalaci\u00f3n de Morilla concluir\u00e1 a principios de mayo. En la muestra el artista presenta una propuesta que evoca el individualismo, el enajenamiento y el ego\u00edsmo [&hellip;]<\/p>\n","protected":false},"author":3,"featured_media":0,"comment_status":"open","ping_status":"open","sticky":false,"template":"","format":"standard","meta":{"footnotes":""},"categories":[21],"tags":[],"class_list":["post-66189","post","type-post","status-publish","format-standard","hentry","category-cultura"],"_links":{"self":[{"href":"https:\/\/diariodominicano.com\/index.php?rest_route=\/wp\/v2\/posts\/66189","targetHints":{"allow":["GET"]}}],"collection":[{"href":"https:\/\/diariodominicano.com\/index.php?rest_route=\/wp\/v2\/posts"}],"about":[{"href":"https:\/\/diariodominicano.com\/index.php?rest_route=\/wp\/v2\/types\/post"}],"author":[{"embeddable":true,"href":"https:\/\/diariodominicano.com\/index.php?rest_route=\/wp\/v2\/users\/3"}],"replies":[{"embeddable":true,"href":"https:\/\/diariodominicano.com\/index.php?rest_route=%2Fwp%2Fv2%2Fcomments&post=66189"}],"version-history":[{"count":0,"href":"https:\/\/diariodominicano.com\/index.php?rest_route=\/wp\/v2\/posts\/66189\/revisions"}],"wp:attachment":[{"href":"https:\/\/diariodominicano.com\/index.php?rest_route=%2Fwp%2Fv2%2Fmedia&parent=66189"}],"wp:term":[{"taxonomy":"category","embeddable":true,"href":"https:\/\/diariodominicano.com\/index.php?rest_route=%2Fwp%2Fv2%2Fcategories&post=66189"},{"taxonomy":"post_tag","embeddable":true,"href":"https:\/\/diariodominicano.com\/index.php?rest_route=%2Fwp%2Fv2%2Ftags&post=66189"}],"curies":[{"name":"wp","href":"https:\/\/api.w.org\/{rel}","templated":true}]}}