{"id":66188,"date":"2012-02-25T14:45:13","date_gmt":"2012-02-25T14:45:13","guid":{"rendered":"http:\/\/diariodominicano.ddns.net\/?p=66188"},"modified":"2012-02-25T14:45:13","modified_gmt":"2012-02-25T14:45:13","slug":"ciudad-de-la-luz-acuerda-con-dominicana-acciones-de-promocion-pelicula","status":"publish","type":"post","link":"https:\/\/diariodominicano.com\/?p=66188","title":{"rendered":"Ciudad de la Luz acuerda con Dominicana acciones de promoci\u00f3n pel\u00edcula"},"content":{"rendered":"<p><body><\/p>\n<p><span class=\"text1noticias\">Alicante, Espa\u00f1a, 25 febrero.- El director general de Ciudad de la Luz, Jos\u00e9 Antonio Escriv\u00e1, ha recibido a los componentes de una delegaci\u00f3n de directivos de diferentes instituciones cinematogr\u00e1ficas de la Rep\u00fablica Dominicana, que han visitado las instalaciones de los estudios de cine alicantinos, seg\u00fan ha informado en un comunicado la Generalitat valenciana.<\/span><\/p>\n<p><span class=\"text1noticias\"> <\/span><\/p>\n<p><span class=\"text1noticias\">La comitiva ha estado formada por el director general de cine de la Rep\u00fablica Dominicana, Ellis P\u00e9rez, el director del festival de Cine Global Dominicano, Omar de la Cruz, y la directora de relaciones p\u00fablicas del festival, Ivette Marichal.<\/span><\/p>\n<p><span class=\"text1noticias\"> <\/span><\/p>\n<p><span class=\"text1noticias\">Esta visita se ha producido despu\u00e9s de que Escriv\u00e1 asistiese a la quinta edici\u00f3n del Festival de Cine Global Dominicano, que se celebr\u00f3 en la isla caribe\u00f1a entre los d\u00edas 5 y 20 de noviembre del pasado a\u00f1o. En este viaje, Escriv\u00e1 se entrevist\u00f3 con el presidente de la Rep\u00fablica, Leonel Fern\u00e1ndez, y con otras autoridades dominicanas.<\/span><\/p>\n<p><span class=\"text1noticias\"> <\/span><\/p>\n<p><span class=\"text1noticias\">Omar de la Cruz y Jos\u00e9 Antonio Escriv\u00e1 han llegado a un acuerdo para proyectar un ciclo de cine espa\u00f1ol rodado en las instalaciones del complejo audiovisual alicantino en la pr\u00f3xima edici\u00f3n del festival de cine caribe\u00f1o, que se celebrar\u00e1 el pr\u00f3ximo mes de noviembre en la Rep\u00fablica Dominicana. En este festival tambi\u00e9n est\u00e1 previsto que se proyecten varios cortometrajes realizados por alumnos del Centro de estudios de Ciudad de la Luz.<\/span><\/p>\n<p><span class=\"text1noticias\"> <\/span><\/p>\n<p><span class=\"text1noticias\">ACUERDO ENTRE AMBAS ESCUELAS<\/span><\/p>\n<p><span class=\"text1noticias\"> <\/span><\/p>\n<p><span class=\"text1noticias\">Los integrantes de la delegaci\u00f3n han visitado en primer lugar el Centro de Estudios de Ciudad de la Luz, donde se ha ratificado el acuerdo suscrito entre esta escuela y la Universidad Iberoamericana (UNIBE), cuya finalidad es desarrollar, de manera conjunta, proyectos de actividades docentes, de investigaci\u00f3n o de intercambio de alumnos y profesores expertos en cine y televisi\u00f3n.<\/span><\/p>\n<p><span class=\"text1noticias\"> <\/span><\/p>\n<p><span class=\"text1noticias\">Adem\u00e1s, los integrantes de la delegaci\u00f3n han recorrido las instalaciones de Ciudad de la Luz, con especial atenci\u00f3n al &#8216;Water Tank&#8217;, el plat\u00f3 acu\u00e1tico donde se han rodado superproducciones, entre ellas la pel\u00edcula &#8216;The Impossible&#8217;, que se estrenar\u00e1 este mismo a\u00f1o. Asimismo, han mostrado su inter\u00e9s en promover algunos proyectos de coproducci\u00f3n en los que participar\u00edan empresas productoras de la Comunitat Valenciana<\/span>.<\/p>\n<\/p>\n<\/p>\n<\/p>\n<\/p>\n<h6> 2012-02-25 14:45:13 <\/h6>\n<p><!--\n<link rel=\"stylesheet\" href=\"css\/bootstrap.min.css\">\n\n\n<ul class=\"pagination\">\n\t    \n\t\n\n<li >\n\t<a href='?page_no=17865'>Previous<\/a>\n\t<\/li>\n\n\n       \n    \n\n<li><a href='?page_no=1'>1<\/a><\/li>\n\n\n\n<li><a href='?page_no=2'>2<\/a><\/li>\n\n\n\n<li><a>...<\/a><\/li>\n\n\n\n<li><a href='?page_no=17864'>17864<\/a><\/li>\n\n\n\n<li><a href='?page_no=17865'>17865<\/a><\/li>\n\n\n\n<li class='active'><a>17866<\/a><\/li>\n\n\n\n<li><a href='?page_no=17867'>17867<\/a><\/li>\n\n\n\n<li><a href='?page_no=17868'>17868<\/a><\/li>\n\n\n\n<li><a>...<\/a><\/li>\n\n\n\n<li><a href='?page_no=22911'>22911<\/a><\/li>\n\n\n\n<li><a href='?page_no=22912'>22912<\/a><\/li>\n\n    \n\t\n\n<li >\n\t<a href='?page_no=17867'>Next<\/a>\n\t<\/li>\n\n\n    \n\n<li><a href='?page_no=22912'>Last &rsaquo;&rsaquo;<\/a><\/li>\n\n<\/ul>\n\n\n--><br \/>\n<\/body><\/p>\n","protected":false},"excerpt":{"rendered":"<p>Alicante, Espa\u00f1a, 25 febrero.- El director general de Ciudad de la Luz, Jos\u00e9 Antonio Escriv\u00e1, ha recibido a los componentes de una delegaci\u00f3n de directivos de diferentes instituciones cinematogr\u00e1ficas de la Rep\u00fablica Dominicana, que han visitado las instalaciones de los estudios de cine alicantinos, seg\u00fan ha informado en un comunicado la Generalitat valenciana. La comitiva [&hellip;]<\/p>\n","protected":false},"author":3,"featured_media":0,"comment_status":"open","ping_status":"open","sticky":false,"template":"","format":"standard","meta":{"footnotes":""},"categories":[21],"tags":[],"class_list":["post-66188","post","type-post","status-publish","format-standard","hentry","category-cultura"],"_links":{"self":[{"href":"https:\/\/diariodominicano.com\/index.php?rest_route=\/wp\/v2\/posts\/66188","targetHints":{"allow":["GET"]}}],"collection":[{"href":"https:\/\/diariodominicano.com\/index.php?rest_route=\/wp\/v2\/posts"}],"about":[{"href":"https:\/\/diariodominicano.com\/index.php?rest_route=\/wp\/v2\/types\/post"}],"author":[{"embeddable":true,"href":"https:\/\/diariodominicano.com\/index.php?rest_route=\/wp\/v2\/users\/3"}],"replies":[{"embeddable":true,"href":"https:\/\/diariodominicano.com\/index.php?rest_route=%2Fwp%2Fv2%2Fcomments&post=66188"}],"version-history":[{"count":0,"href":"https:\/\/diariodominicano.com\/index.php?rest_route=\/wp\/v2\/posts\/66188\/revisions"}],"wp:attachment":[{"href":"https:\/\/diariodominicano.com\/index.php?rest_route=%2Fwp%2Fv2%2Fmedia&parent=66188"}],"wp:term":[{"taxonomy":"category","embeddable":true,"href":"https:\/\/diariodominicano.com\/index.php?rest_route=%2Fwp%2Fv2%2Fcategories&post=66188"},{"taxonomy":"post_tag","embeddable":true,"href":"https:\/\/diariodominicano.com\/index.php?rest_route=%2Fwp%2Fv2%2Ftags&post=66188"}],"curies":[{"name":"wp","href":"https:\/\/api.w.org\/{rel}","templated":true}]}}