{"id":66186,"date":"2012-02-25T15:42:56","date_gmt":"2012-02-25T15:42:56","guid":{"rendered":"http:\/\/diariodominicano.ddns.net\/?p=66186"},"modified":"2012-02-25T15:42:56","modified_gmt":"2012-02-25T15:42:56","slug":"escritores-afirman-que-la-critica-literaria-esta-en-crisis-en-el-pais","status":"publish","type":"post","link":"https:\/\/diariodominicano.com\/?p=66186","title":{"rendered":"&#13;Escritores afirman que  la cr\u00edtica literaria est\u00e1 en crisis en el pa\u00eds"},"content":{"rendered":"<p><body><\/p>\n<p><span class=\"text1noticias\">Santo Domingo, RD 25 febrero.- El Premio Nacional de Literatura de 2010, poeta Mateo Morrison, y el director de Gesti\u00f3n Literaria del Ministerio de Cultura, Basilio Belliard, aseguraron ayer que la cr\u00edtica literaria est\u00e1 en crisis en el pa\u00eds, por lo que recomiendan  la creaci\u00f3n de Departamentos de Letras en las universidades y las publicaciones de suplementos y revistas especializadas.<\/span><\/p>\n<\/p>\n<p><span class=\"text1noticias\">En la apertura del seminario sobre la cr\u00edtica literaria, organizado  por el Ministerio de Cultura, Morrison, quien es viceministro de Cultura, critic\u00f3 que pese a las publicaciones de libros de diferentes g\u00e9neros: poes\u00edas, ensayos, novelas, cuentos, entre otros, estos no est\u00e1n acompa\u00f1ados de un juicio cr\u00edtico.<\/span><\/p>\n<\/p>\n<p><span class=\"text1noticias\">\u00abComo hay una crisis, no son valorados de manera  que permita a las nuevas generaciones leer el libro junto con la cr\u00edtica\u00bb, indic\u00f3 Morrison.<\/span><\/p>\n<\/p>\n<p><span class=\"text1noticias\">Abog\u00f3 por el surgimiento de nuevas revistas culturales y suplementos, resaltando la existente en el Ministerio de Cultura con su nombre \u00abPa\u00eds Cultural\u00bb.<\/span><\/p>\n<\/p>\n<p><span class=\"text1noticias\">Dijo que  la creaci\u00f3n de las publicaciones contribuir\u00eda con el acerbo cultural de los dominicanos.<\/span><\/p>\n<\/p>\n<p><span class=\"text1noticias\">Formaci\u00f3n.  En tanto que Belliard, coordinador del seminario, critic\u00f3 que en las universidades no se realicen tesis de grado sobre autores dominicanos.<\/span><\/p>\n<\/p>\n<p><span class=\"text1noticias\">\u00abLos derroteros de la teor\u00eda y la critica literarias  apuntan a un dominio especializado de los profesionales de la cr\u00edtica, estudiada en los departamentos de literatura de las universidades -o de los fil\u00f3sofos camuflados de cr\u00edticos\u00bb, dijo.<\/span><\/p>\n<\/p>\n<p><span class=\"text1noticias\">Sostuvo que a partir de los a\u00f1os 60  el panorama cambi\u00f3 y surgieron nuevos desaf\u00edos, lo que supuso un giro en el mapa de la teor\u00eda literaria y una reconfiguraci\u00f3n de los m\u00e9todos de an\u00e1lisis cr\u00edticos.<\/span><\/p>\n<\/p>\n<p><span class=\"text1noticias\">Dijo que la sucesi\u00f3n de tendencias te\u00f3ricas  pr\u00e1cticas en la cr\u00edtica ha experimentado una diversidad progresiva a partir de los a\u00f1os 80, en especial en el mundo acad\u00e9mico americano. Las nuevas teor\u00edas pretenden hacer contribuciones necesarias a la reflexi\u00f3n cr\u00edtica para producir un impacto en las obras, desde el punto de vista de g\u00e9nero, sexo y etnia.<\/span><\/p>\n<\/p>\n<p><span class=\"text1noticias\">Tanto Morrison como Belliard destacaron que el seminario sobre cr\u00edtica literaria que se desarrolla desde ayer hasta hoy en el hotel V Centenario, intentar\u00e1 dar respuesta a muchas interrogantes relacionadas con el devenir literario dominicano, su proyecci\u00f3n y desarrollo, as\u00ed como establecer pautas para el conocimiento y divulgaci\u00f3n de la literatura nacional. <\/span><\/p>\n<\/p>\n<p><span class=\"text1noticias\">Seminario<\/span><\/p>\n<p><span class=\"text1noticias\">Los expositores confirmados en el seminario   son Di\u00f3genes C\u00e9spedes y Andr\u00e9s L. Mateo, Premios Nacional de Literatura; Manuel Matos Moquete, Bruno Rosario Candelier, presidente de la Academia Dominicana de la Lengua; Jos\u00e9 Enrique Garc\u00eda, Odal\u00eds P\u00e9rez, Manuel N\u00fa\u00f1ez, Manuel Garc\u00eda y Manuel Garc\u00eda Cartagena. Adem\u00e1s, Fernando Cabrera, Pura Emeterio Rond\u00f3n, Le\u00f3n David y Plinio Chah\u00edn. Tambi\u00e9n expondr\u00e1n cr\u00edticos   del exterior<\/span>.<\/p>\n<h6> 2012-02-25 15:42:56 <\/h6>\n<p><!--\n<link rel=\"stylesheet\" href=\"css\/bootstrap.min.css\">\n\n\n<ul class=\"pagination\">\n\t    \n\t\n\n<li >\n\t<a href='?page_no=17863'>Previous<\/a>\n\t<\/li>\n\n\n       \n    \n\n<li><a href='?page_no=1'>1<\/a><\/li>\n\n\n\n<li><a href='?page_no=2'>2<\/a><\/li>\n\n\n\n<li><a>...<\/a><\/li>\n\n\n\n<li><a href='?page_no=17862'>17862<\/a><\/li>\n\n\n\n<li><a href='?page_no=17863'>17863<\/a><\/li>\n\n\n\n<li class='active'><a>17864<\/a><\/li>\n\n\n\n<li><a href='?page_no=17865'>17865<\/a><\/li>\n\n\n\n<li><a href='?page_no=17866'>17866<\/a><\/li>\n\n\n\n<li><a>...<\/a><\/li>\n\n\n\n<li><a href='?page_no=22911'>22911<\/a><\/li>\n\n\n\n<li><a href='?page_no=22912'>22912<\/a><\/li>\n\n    \n\t\n\n<li >\n\t<a href='?page_no=17865'>Next<\/a>\n\t<\/li>\n\n\n    \n\n<li><a href='?page_no=22912'>Last &rsaquo;&rsaquo;<\/a><\/li>\n\n<\/ul>\n\n\n--><br \/>\n<\/body><\/p>\n","protected":false},"excerpt":{"rendered":"<p>Santo Domingo, RD 25 febrero.- El Premio Nacional de Literatura de 2010, poeta Mateo Morrison, y el director de Gesti\u00f3n Literaria del Ministerio de Cultura, Basilio Belliard, aseguraron ayer que la cr\u00edtica literaria est\u00e1 en crisis en el pa\u00eds, por lo que recomiendan la creaci\u00f3n de Departamentos de Letras en las universidades y las publicaciones [&hellip;]<\/p>\n","protected":false},"author":3,"featured_media":0,"comment_status":"open","ping_status":"open","sticky":false,"template":"","format":"standard","meta":{"footnotes":""},"categories":[21],"tags":[],"class_list":["post-66186","post","type-post","status-publish","format-standard","hentry","category-cultura"],"_links":{"self":[{"href":"https:\/\/diariodominicano.com\/index.php?rest_route=\/wp\/v2\/posts\/66186","targetHints":{"allow":["GET"]}}],"collection":[{"href":"https:\/\/diariodominicano.com\/index.php?rest_route=\/wp\/v2\/posts"}],"about":[{"href":"https:\/\/diariodominicano.com\/index.php?rest_route=\/wp\/v2\/types\/post"}],"author":[{"embeddable":true,"href":"https:\/\/diariodominicano.com\/index.php?rest_route=\/wp\/v2\/users\/3"}],"replies":[{"embeddable":true,"href":"https:\/\/diariodominicano.com\/index.php?rest_route=%2Fwp%2Fv2%2Fcomments&post=66186"}],"version-history":[{"count":0,"href":"https:\/\/diariodominicano.com\/index.php?rest_route=\/wp\/v2\/posts\/66186\/revisions"}],"wp:attachment":[{"href":"https:\/\/diariodominicano.com\/index.php?rest_route=%2Fwp%2Fv2%2Fmedia&parent=66186"}],"wp:term":[{"taxonomy":"category","embeddable":true,"href":"https:\/\/diariodominicano.com\/index.php?rest_route=%2Fwp%2Fv2%2Fcategories&post=66186"},{"taxonomy":"post_tag","embeddable":true,"href":"https:\/\/diariodominicano.com\/index.php?rest_route=%2Fwp%2Fv2%2Ftags&post=66186"}],"curies":[{"name":"wp","href":"https:\/\/api.w.org\/{rel}","templated":true}]}}