{"id":66185,"date":"2012-02-25T17:25:01","date_gmt":"2012-02-25T17:25:01","guid":{"rendered":"http:\/\/diariodominicano.ddns.net\/?p=66185"},"modified":"2012-02-25T17:25:01","modified_gmt":"2012-02-25T17:25:01","slug":"este-lunes-desfile-del-carnaval-de-las-terrenas","status":"publish","type":"post","link":"https:\/\/diariodominicano.com\/?p=66185","title":{"rendered":"Este lunes, desfile del carnaval de Las Terrenas"},"content":{"rendered":"<p><body><\/p>\n<p><span class=\"text1noticias\">Las Terrenas, Saman\u00e1, RD 25 febrero.- \u00a1Las Terrenas tambi\u00e9n tiene su carnaval ! El desfile del tendr\u00e1 lugar este lunes 27 de febrero, d\u00eda de la independencia dominicana.<\/span><\/p>\n<p><span class=\"text1noticias\"> <\/span><\/p>\n<p><span class=\"text1noticias\">Los turistas y los residentes podr\u00e1n admirar los disfraces de los diferentes grupos carnavalescos, todos muy originales.<\/span><\/p>\n<p><span class=\"text1noticias\"> <\/span><\/p>\n<p><span class=\"text1noticias\">Una manifestaci\u00f3n cultural \u00fanica y t\u00edpicamente dominicana que no se puede perder.<\/span><\/p>\n<p><span class=\"text1noticias\"> <\/span><\/p>\n<p><span class=\"text1noticias\">El desfile empezar\u00e1 en la tarde en el polideportivo del pueblo, y efectuar\u00e1 un circuito pasando por el cementerio. La fiesta seguir\u00e1 en el polideportivo, con diversas actividades (concursos, espect\u00e1culos etc&#8230;)<\/span>.<\/p>\n<\/p>\n<h6> 2012-02-25 17:25:01 <\/h6>\n<p><!--\n<link rel=\"stylesheet\" href=\"css\/bootstrap.min.css\">\n\n\n<ul class=\"pagination\">\n\t    \n\t\n\n<li >\n\t<a href='?page_no=17862'>Previous<\/a>\n\t<\/li>\n\n\n       \n    \n\n<li><a href='?page_no=1'>1<\/a><\/li>\n\n\n\n<li><a href='?page_no=2'>2<\/a><\/li>\n\n\n\n<li><a>...<\/a><\/li>\n\n\n\n<li><a href='?page_no=17861'>17861<\/a><\/li>\n\n\n\n<li><a href='?page_no=17862'>17862<\/a><\/li>\n\n\n\n<li class='active'><a>17863<\/a><\/li>\n\n\n\n<li><a href='?page_no=17864'>17864<\/a><\/li>\n\n\n\n<li><a href='?page_no=17865'>17865<\/a><\/li>\n\n\n\n<li><a>...<\/a><\/li>\n\n\n\n<li><a href='?page_no=22911'>22911<\/a><\/li>\n\n\n\n<li><a href='?page_no=22912'>22912<\/a><\/li>\n\n    \n\t\n\n<li >\n\t<a href='?page_no=17864'>Next<\/a>\n\t<\/li>\n\n\n    \n\n<li><a href='?page_no=22912'>Last &rsaquo;&rsaquo;<\/a><\/li>\n\n<\/ul>\n\n\n--><br \/>\n<\/body><\/p>\n","protected":false},"excerpt":{"rendered":"<p>Las Terrenas, Saman\u00e1, RD 25 febrero.- \u00a1Las Terrenas tambi\u00e9n tiene su carnaval ! El desfile del tendr\u00e1 lugar este lunes 27 de febrero, d\u00eda de la independencia dominicana. Los turistas y los residentes podr\u00e1n admirar los disfraces de los diferentes grupos carnavalescos, todos muy originales. Una manifestaci\u00f3n cultural \u00fanica y t\u00edpicamente dominicana que no se [&hellip;]<\/p>\n","protected":false},"author":3,"featured_media":0,"comment_status":"open","ping_status":"open","sticky":false,"template":"","format":"standard","meta":{"footnotes":""},"categories":[21],"tags":[],"class_list":["post-66185","post","type-post","status-publish","format-standard","hentry","category-cultura"],"_links":{"self":[{"href":"https:\/\/diariodominicano.com\/index.php?rest_route=\/wp\/v2\/posts\/66185","targetHints":{"allow":["GET"]}}],"collection":[{"href":"https:\/\/diariodominicano.com\/index.php?rest_route=\/wp\/v2\/posts"}],"about":[{"href":"https:\/\/diariodominicano.com\/index.php?rest_route=\/wp\/v2\/types\/post"}],"author":[{"embeddable":true,"href":"https:\/\/diariodominicano.com\/index.php?rest_route=\/wp\/v2\/users\/3"}],"replies":[{"embeddable":true,"href":"https:\/\/diariodominicano.com\/index.php?rest_route=%2Fwp%2Fv2%2Fcomments&post=66185"}],"version-history":[{"count":0,"href":"https:\/\/diariodominicano.com\/index.php?rest_route=\/wp\/v2\/posts\/66185\/revisions"}],"wp:attachment":[{"href":"https:\/\/diariodominicano.com\/index.php?rest_route=%2Fwp%2Fv2%2Fmedia&parent=66185"}],"wp:term":[{"taxonomy":"category","embeddable":true,"href":"https:\/\/diariodominicano.com\/index.php?rest_route=%2Fwp%2Fv2%2Fcategories&post=66185"},{"taxonomy":"post_tag","embeddable":true,"href":"https:\/\/diariodominicano.com\/index.php?rest_route=%2Fwp%2Fv2%2Ftags&post=66185"}],"curies":[{"name":"wp","href":"https:\/\/api.w.org\/{rel}","templated":true}]}}