{"id":66184,"date":"2012-02-26T14:43:32","date_gmt":"2012-02-26T14:43:32","guid":{"rendered":"http:\/\/diariodominicano.ddns.net\/?p=66184"},"modified":"2012-02-26T14:43:32","modified_gmt":"2012-02-26T14:43:32","slug":"uasd-deposita-ofrenda-floral-en-el-busto-de-mella","status":"publish","type":"post","link":"https:\/\/diariodominicano.com\/?p=66184","title":{"rendered":"UASD deposita ofrenda floral en el busto de Mella"},"content":{"rendered":"<p><body><\/p>\n<p><img decoding=\"async\" src=\"img3\/ofrendauasd.JPG\" \/>  <\/p>\n<p><span class=\"text1noticias\">Rep.Dom, 26 de Febrero.- La Universidad Aut\u00f3noma de Santo Domingo, UASD, deposit\u00f3 una ofrenda floral en el busto del pr\u00f3cer de la Independencia Nacional, Mat\u00edas Ram\u00f3n Mella, ubicado en el campus universitario, con motivo del aniversario de su natalicio, actividad que fue encabezada por el vicerrector Docente, doctor Jorge Asjana David, en representaci\u00f3n del rector, maestro Mateo Aquino Febrillet.<\/span><\/p>\n<\/p>\n<p><span class=\"text1noticias\">El doctor Asjana David, al pronunciar el discurso del acto, consider\u00f3 que una de las grandes  ense\u00f1anzas  que nos dej\u00f3 Mella, en contraste con los pol\u00edticos de hoy,  fue que vivi\u00f3 humildemente, en una casa sin ning\u00fan confort, tras se\u00f1alar los grandes aportes  que hizo al pa\u00eds.<\/span><\/p>\n<\/p>\n<p><span class=\"text1noticias\">Destac\u00f3 que el Padre de la Patria, contrario a muchos  que llegan al Poder  para asaltar el erario, fue un ser humano pulcro, honesto que no utiliz\u00f3 los cargos p\u00fablicos ni los recursos del Estado para enriquecerse, ni para pervertir, pero mucho menos comprar adhesiones.<\/span><\/p>\n<\/p>\n<p><span class=\"text1noticias\">\u00abEsta ofrenda floral simboliza la vinculaci\u00f3n de la UASD con los valores m\u00e1s puros de la sociedad dominicana, al tiempo de expresar el deseo de que las  nuevas generaciones reconozcan en los patriotas de el ejemplo a seguir, para que no termine de sucumbir el pa\u00eds en el pantano inmundo de los vicios, la delincuencia, la criminalidad, la corrupci\u00f3n, el narcotr\u00e1fico y la impunidad\u00bb, puntualiz\u00f3  el vicerrector Docente. Mientras que la directora de la escuela de Historia y Antropolog\u00eda, maestra  Luisa Navarro, destac\u00f3 las cualidades de Mella, y sus aportes a la Independencia Nacional.<\/span><\/p>\n<\/p>\n<p><span class=\"text1noticias\">En el acto estuvieron presentes  los miembros del Consejo Universitario, el viceministro de Educaci\u00f3n, maestro Luis de Le\u00f3n, profesores y estudiantes<\/span>.<\/p>\n<h6> 2012-02-26 14:43:32 <\/h6>\n<p><!--\n<link rel=\"stylesheet\" href=\"css\/bootstrap.min.css\">\n\n\n<ul class=\"pagination\">\n\t    \n\t\n\n<li >\n\t<a href='?page_no=17861'>Previous<\/a>\n\t<\/li>\n\n\n       \n    \n\n<li><a href='?page_no=1'>1<\/a><\/li>\n\n\n\n<li><a href='?page_no=2'>2<\/a><\/li>\n\n\n\n<li><a>...<\/a><\/li>\n\n\n\n<li><a href='?page_no=17860'>17860<\/a><\/li>\n\n\n\n<li><a href='?page_no=17861'>17861<\/a><\/li>\n\n\n\n<li class='active'><a>17862<\/a><\/li>\n\n\n\n<li><a href='?page_no=17863'>17863<\/a><\/li>\n\n\n\n<li><a href='?page_no=17864'>17864<\/a><\/li>\n\n\n\n<li><a>...<\/a><\/li>\n\n\n\n<li><a href='?page_no=22911'>22911<\/a><\/li>\n\n\n\n<li><a href='?page_no=22912'>22912<\/a><\/li>\n\n    \n\t\n\n<li >\n\t<a href='?page_no=17863'>Next<\/a>\n\t<\/li>\n\n\n    \n\n<li><a href='?page_no=22912'>Last &rsaquo;&rsaquo;<\/a><\/li>\n\n<\/ul>\n\n\n--><br \/>\n<\/body><\/p>\n","protected":false},"excerpt":{"rendered":"<p>Rep.Dom, 26 de Febrero.- La Universidad Aut\u00f3noma de Santo Domingo, UASD, deposit\u00f3 una ofrenda floral en el busto del pr\u00f3cer de la Independencia Nacional, Mat\u00edas Ram\u00f3n Mella, ubicado en el campus universitario, con motivo del aniversario de su natalicio, actividad que fue encabezada por el vicerrector Docente, doctor Jorge Asjana David, en representaci\u00f3n del rector, [&hellip;]<\/p>\n","protected":false},"author":3,"featured_media":0,"comment_status":"open","ping_status":"open","sticky":false,"template":"","format":"standard","meta":{"footnotes":""},"categories":[21],"tags":[],"class_list":["post-66184","post","type-post","status-publish","format-standard","hentry","category-cultura"],"_links":{"self":[{"href":"https:\/\/diariodominicano.com\/index.php?rest_route=\/wp\/v2\/posts\/66184","targetHints":{"allow":["GET"]}}],"collection":[{"href":"https:\/\/diariodominicano.com\/index.php?rest_route=\/wp\/v2\/posts"}],"about":[{"href":"https:\/\/diariodominicano.com\/index.php?rest_route=\/wp\/v2\/types\/post"}],"author":[{"embeddable":true,"href":"https:\/\/diariodominicano.com\/index.php?rest_route=\/wp\/v2\/users\/3"}],"replies":[{"embeddable":true,"href":"https:\/\/diariodominicano.com\/index.php?rest_route=%2Fwp%2Fv2%2Fcomments&post=66184"}],"version-history":[{"count":0,"href":"https:\/\/diariodominicano.com\/index.php?rest_route=\/wp\/v2\/posts\/66184\/revisions"}],"wp:attachment":[{"href":"https:\/\/diariodominicano.com\/index.php?rest_route=%2Fwp%2Fv2%2Fmedia&parent=66184"}],"wp:term":[{"taxonomy":"category","embeddable":true,"href":"https:\/\/diariodominicano.com\/index.php?rest_route=%2Fwp%2Fv2%2Fcategories&post=66184"},{"taxonomy":"post_tag","embeddable":true,"href":"https:\/\/diariodominicano.com\/index.php?rest_route=%2Fwp%2Fv2%2Ftags&post=66184"}],"curies":[{"name":"wp","href":"https:\/\/api.w.org\/{rel}","templated":true}]}}