{"id":661835,"date":"2026-01-24T03:19:21","date_gmt":"2026-01-24T07:19:21","guid":{"rendered":"https:\/\/diariodominicano.com\/?p=661835"},"modified":"2026-01-24T03:19:25","modified_gmt":"2026-01-24T07:19:25","slug":"comienza-el-carnaval-mas-largo-del-mundo-con-su-desfile-inaugural-en-la-capital-de-uruguay","status":"publish","type":"post","link":"https:\/\/diariodominicano.com\/?p=661835","title":{"rendered":"Comienza el carnaval m\u00e1s largo del mundo con su desfile inaugural en la capital de Uruguay"},"content":{"rendered":"\n<p><em>spanish.news.cn<\/em>|<em>&nbsp;2026-01-24 00:17:30<\/em>|<\/p>\n\n\n\n<p>MONTEVIDEO, 23 enero, 2025 (Xinhua) &#8212; Imagen del 22 de enero de 2026 de integrantes de una murga participando en el desfile del Carnaval de Uruguay por la Avenida 18 de Julio, en Montevideo, capital de Uruguay. El Carnaval de Uruguay, considerado el m\u00e1s largo del mundo, dio comienzo la noche del jueves con su desfile inaugural, apertura del tel\u00f3n a una fiesta popular que se prolonga durante m\u00e1s de 40 d\u00edas, en la ciudad de Montevideo, capital del pa\u00eds sudamericano. (Xinhua\/Nicol\u00e1s Celaya)<\/p>\n\n\n\n<p>MONTEVIDEO, 23 ene (Xinhua) &#8212; El Carnaval de Uruguay, considerado el m\u00e1s largo del mundo, dio comienzo la noche del jueves con su desfile inaugural, apertura del tel\u00f3n a una fiesta popular que se prolonga durante m\u00e1s de 40 d\u00edas, en la ciudad de Montevideo, capital del pa\u00eds sudamericano.<\/p>\n\n\n\n<p>Un total de 40 agrupaciones recorrieron la c\u00e9ntrica Avenida 18 de Julio, la principal de Montevideo, ante miles de personas que presenciaron la apertura y que culmin\u00f3 la madrugada de este viernes.<\/p>\n\n\n\n<p>La competencia del desfile tuvo como ganadores a Los Choby\u00b4s (humoristas), Patos Cabreros (murga), Z\u00edngaros (parodia), La Compa\u00f1\u00eda (revista) y Valores (sociedad de negros y lubolos), las categor\u00edas participantes en el Carnaval.<\/p>\n\n\n\n<p>El desfile inaugural apenas es el comienzo del Carnaval en la capital uruguaya con actividades que incluyen s\u00e1tira, cr\u00edtica, m\u00fasica y baile.<\/p>\n\n\n\n<p>La apertura de los tablados populares se produce este viernes en los barrios y el pr\u00f3ximo 26 de enero se iniciar\u00e1 el concurso oficial en el Teatro de Verano, un escenario abierto con capacidad para 5.000 espectadores, ubicado en el Parque Rod\u00f3, sobre la costa del R\u00edo de la Plata.<\/p>\n\n\n\n<p>La fiesta local de Momo concluir\u00e1 a principios de marzo venidero, despu\u00e9s de innumerables desfiles barriales, rondas de presentaciones en el concurso oficial y actuaciones en los tablados.<\/p>\n\n\n\n<figure class=\"wp-block-image\"><img decoding=\"async\" src=\"https:\/\/spanish.xinhuanet.com\/20260124\/54f125d31a8a402683c479340da3f10a\/d4b54a65fe9c46fd9fb41a64e7ae42db.jpg\" alt=\"\"\/><\/figure>\n\n\n\n<p>MONTEVIDEO, 23 enero, 2025 (Xinhua) &#8212; Imagen del 22 de enero de 2026 de un ni\u00f1o integrante de una murga participando en el desfile del Carnaval de Uruguay por la Avenida 18 de Julio, en Montevideo, capital de Uruguay. El Carnaval de Uruguay, considerado el m\u00e1s largo del mundo, dio comienzo la noche del jueves con su desfile inaugural, apertura del tel\u00f3n a una fiesta popular que se prolonga durante m\u00e1s de 40 d\u00edas, en la ciudad de Montevideo, capital del pa\u00eds sudamericano. (Xinhua\/Nicol\u00e1s Celaya)<\/p>\n\n\n\n<figure class=\"wp-block-image\"><img decoding=\"async\" src=\"https:\/\/spanish.xinhuanet.com\/20260124\/54f125d31a8a402683c479340da3f10a\/c9795220ad374d98855d4a2dd88cae05.jpg\" alt=\"\"\/><\/figure>\n\n\n\n<p>MONTEVIDEO, 23 enero, 2025 (Xinhua) &#8212; Imagen del 22 de enero de 2026 de un integrante de una murga participando en el desfile del Carnaval de Uruguay por la Avenida 18 de Julio, en Montevideo, capital de Uruguay. El Carnaval de Uruguay, considerado el m\u00e1s largo del mundo, dio comienzo la noche del jueves con su desfile inaugural, apertura del tel\u00f3n a una fiesta popular que se prolonga durante m\u00e1s de 40 d\u00edas, en la ciudad de Montevideo, capital del pa\u00eds sudamericano. (Xinhua\/Nicol\u00e1s Celaya)<\/p>\n\n\n\n<figure class=\"wp-block-image\"><img decoding=\"async\" src=\"https:\/\/spanish.xinhuanet.com\/20260124\/54f125d31a8a402683c479340da3f10a\/1e7f25ef4d58462ba5d55880303f7686.jpg\" alt=\"\"\/><\/figure>\n\n\n\n<p>MONTEVIDEO, 23 enero, 2025 (Xinhua) &#8212; Imagen del 22 de enero de 2026 de un integrante de una murga interactuando con una ni\u00f1a durante el desfile del Carnaval de Uruguay por la Avenida 18 de Julio, en Montevideo, capital de Uruguay. El Carnaval de Uruguay, considerado el m\u00e1s largo del mundo, dio comienzo la noche del jueves con su desfile inaugural, apertura del tel\u00f3n a una fiesta popular que se prolonga durante m\u00e1s de 40 d\u00edas, en la ciudad de Montevideo, capital del pa\u00eds sudamericano. (Xinhua\/Nicol\u00e1s Celaya)<\/p>\n\n\n\n<figure class=\"wp-block-image\"><img decoding=\"async\" src=\"https:\/\/spanish.xinhuanet.com\/20260124\/54f125d31a8a402683c479340da3f10a\/d2244f3beaa5483d83010bef3aa5e9ca.jpg\" alt=\"\"\/><\/figure>\n\n\n\n<p>MONTEVIDEO, 23 enero, 2025 (Xinhua) &#8212; Imagen del 22 de enero de 2026 de un ni\u00f1o integrante de una murga participando en el desfile del Carnaval de Uruguay por la Avenida 18 de Julio, en Montevideo, capital de Uruguay. El Carnaval de Uruguay, considerado el m\u00e1s largo del mundo, dio comienzo la noche del jueves con su desfile inaugural, apertura del tel\u00f3n a una fiesta popular que se prolonga durante m\u00e1s de 40 d\u00edas, en la ciudad de Montevideo, capital del pa\u00eds sudamericano. (Xinhua\/Nicol\u00e1s Celaya)<\/p>\n\n\n\n<figure class=\"wp-block-image\"><img decoding=\"async\" src=\"https:\/\/spanish.xinhuanet.com\/20260124\/54f125d31a8a402683c479340da3f10a\/af8385876c1a4d179729dd7e77e9253a.jpg\" alt=\"\"\/><\/figure>\n\n\n\n<p>MONTEVIDEO, 23 enero, 2025 (Xinhua) &#8212; Imagen del 22 de enero de 2026 de un integrante de una murga participando en el desfile del Carnaval de Uruguay por la Avenida 18 de Julio, en Montevideo, capital de Uruguay. El Carnaval de Uruguay, considerado el m\u00e1s largo del mundo, dio comienzo la noche del jueves con su desfile inaugural, apertura del tel\u00f3n a una fiesta popular que se prolonga durante m\u00e1s de 40 d\u00edas, en la ciudad de Montevideo, capital del pa\u00eds sudamericano. (Xinhua\/Nicol\u00e1s Celaya)<\/p>\n\n\n\n<p><a href=\"https:\/\/www.facebook.com\/sharer\/sharer.php?u=https:\/\/spanish.xinhuanet.com\/20260124\/54f125d31a8a402683c479340da3f10a\/c.html\" target=\"_blank\" rel=\"noreferrer noopener\"><\/a>&nbsp;<a href=\"https:\/\/twitter.com\/intent\/tweet?text=Comienza%20el%20carnaval%20m%C3%A1s%20largo%20del%20mundo%20con%20su%20desfile%20inaugural%20en%20la%20capital%20de%20Uruguay&amp;url=https:\/\/spanish.xinhuanet.com\/20260124\/54f125d31a8a402683c479340da3f10a\/c.html\" target=\"_blank\" rel=\"noreferrer noopener\"><\/a>&nbsp;<a target=\"_blank\" href=\"https:\/\/service.weibo.com\/share\/share.php?title=Comienza%20el%20carnaval%20m%C3%A1s%20largo%20del%20mundo%20con%20su%20desfile%20inaugural%20en%20la%20capital%20de%20Uruguay&amp;url=https:\/\/spanish.xinhuanet.com\/20260124\/54f125d31a8a402683c479340da3f10a\/c.html\" rel=\"noreferrer noopener\"><\/a>&nbsp;<a><\/a><\/p>\n\n\n\n<figure class=\"wp-block-image\"><img decoding=\"async\" src=\"https:\/\/imgs.news.cn\/res\/xhwimg\/spanish\/20170522\/img\/jc-xfa.png\" alt=\"\"\/><\/figure>\n","protected":false},"excerpt":{"rendered":"<p>spanish.news.cn|&nbsp;2026-01-24 00:17:30| MONTEVIDEO, 23 enero, 2025 (Xinhua) &#8212; Imagen del 22 de enero de 2026 de integrantes de una murga participando en el desfile del Carnaval de Uruguay por la Avenida 18 de Julio, en Montevideo, capital de Uruguay. El Carnaval de Uruguay, considerado el m\u00e1s largo del mundo, dio comienzo la noche del jueves [&hellip;]<\/p>\n","protected":false},"author":2,"featured_media":661836,"comment_status":"closed","ping_status":"closed","sticky":false,"template":"","format":"standard","meta":{"footnotes":""},"categories":[21,36],"tags":[],"class_list":["post-661835","post","type-post","status-publish","format-standard","has-post-thumbnail","hentry","category-cultura","category-hombresmujeresycosas"],"_links":{"self":[{"href":"https:\/\/diariodominicano.com\/index.php?rest_route=\/wp\/v2\/posts\/661835","targetHints":{"allow":["GET"]}}],"collection":[{"href":"https:\/\/diariodominicano.com\/index.php?rest_route=\/wp\/v2\/posts"}],"about":[{"href":"https:\/\/diariodominicano.com\/index.php?rest_route=\/wp\/v2\/types\/post"}],"author":[{"embeddable":true,"href":"https:\/\/diariodominicano.com\/index.php?rest_route=\/wp\/v2\/users\/2"}],"replies":[{"embeddable":true,"href":"https:\/\/diariodominicano.com\/index.php?rest_route=%2Fwp%2Fv2%2Fcomments&post=661835"}],"version-history":[{"count":1,"href":"https:\/\/diariodominicano.com\/index.php?rest_route=\/wp\/v2\/posts\/661835\/revisions"}],"predecessor-version":[{"id":661837,"href":"https:\/\/diariodominicano.com\/index.php?rest_route=\/wp\/v2\/posts\/661835\/revisions\/661837"}],"wp:featuredmedia":[{"embeddable":true,"href":"https:\/\/diariodominicano.com\/index.php?rest_route=\/wp\/v2\/media\/661836"}],"wp:attachment":[{"href":"https:\/\/diariodominicano.com\/index.php?rest_route=%2Fwp%2Fv2%2Fmedia&parent=661835"}],"wp:term":[{"taxonomy":"category","embeddable":true,"href":"https:\/\/diariodominicano.com\/index.php?rest_route=%2Fwp%2Fv2%2Fcategories&post=661835"},{"taxonomy":"post_tag","embeddable":true,"href":"https:\/\/diariodominicano.com\/index.php?rest_route=%2Fwp%2Fv2%2Ftags&post=661835"}],"curies":[{"name":"wp","href":"https:\/\/api.w.org\/{rel}","templated":true}]}}