{"id":66183,"date":"2012-02-26T17:36:10","date_gmt":"2012-02-26T17:36:10","guid":{"rendered":"http:\/\/diariodominicano.ddns.net\/?p=66183"},"modified":"2012-02-26T17:36:10","modified_gmt":"2012-02-26T17:36:10","slug":"destacan-importancia-de-los-maestros-en-la-calidad-de-los-sistemas-educativos","status":"publish","type":"post","link":"https:\/\/diariodominicano.com\/?p=66183","title":{"rendered":"&#13;Destacan importancia de los maestros en la calidad de los sistemas educativos"},"content":{"rendered":"<p><body><\/p>\n<p><img decoding=\"async\" src=\"img3\/inafocam.JPG\" \/>  <\/p>\n<p><span class=\"text1noticias\">Rep.Dom, 26 de Febrero.- El Ministerio de Educaci\u00f3n (MINERD), el Instituto Nacional de Formaci\u00f3n y Capacitaci\u00f3n del Magisterio (INAFOCAM) y la Oficina Regional de la Organizaci\u00f3n de Estado Iberoamericanos (OEI) en Rep\u00fablica Dominicana, realizaron una conferencia en la que se destac\u00f3 la importancia del maestro como el eje fundamental de la calidad y los avances de los sistemas educativos a  nivel mundial.<\/span><\/p>\n<\/p>\n<p><span class=\"text1noticias\">La conferencia: \u00abLos desaf\u00edos del desarrollo profesional docente en Rep\u00fablica Dominicana en el marco de la metas educativas 2021\u00bb  realizada este jueves en la Torre Empresarial, tuvo como protagonistas el experto Iberoamericano en el tema de formaci\u00f3n docente, doctor Carlos Eugenio Beca y las intervenciones del  doctor Orlando Machesi, director general de la OEI y la viceministra de Educaci\u00f3n, licenciada Minerva Vincent. <\/span><\/p>\n<\/p>\n<p><span class=\"text1noticias\">El doctor Carlos Eugenio Beca concentr\u00f3 su participaci\u00f3n en la realidad de la formaci\u00f3n docente en Chile, enfatiz\u00f3 las similitudes y diferencias en ese sector con Rep\u00fablica Dominicana.  Observ\u00f3 que en este pa\u00eds como en Chile hay una \u00abtremenda\u00bb desigualdad social y educativa que empuja a la realizaci\u00f3n de grandes transformaciones en ambas dimensiones. <\/span><\/p>\n<\/p>\n<p><span class=\"text1noticias\">Dijo que el nivel educativo como ingresa un estudiante se reproduce al momento de egresar como profesional. Entiende que esto se aplica tambi\u00e9n en la formaci\u00f3n docente \u00abquienes no han tenido una buena formaci\u00f3n de base escolar y tampoco la han tenido durante la formaci\u00f3n como profesores\u00bb<\/span><\/p>\n<p><span class=\"text1noticias\">Explica que al igual que en RD en chile se han dado muchas discusiones y encuentros de los sectores que integran el sector educativo para analizar la situaci\u00f3n de la formaci\u00f3n inicial docente y que han visto como necesario mejorar muchos factores para que ese aspecto logre mostrar mejor\u00eda significativas.<\/span><\/p>\n<\/p>\n<p><span class=\"text1noticias\">Entre las medidas consideradas en Chile y que tambi\u00e9n se trabajan en Rep\u00fablica Dominicana est\u00e1n la articulaci\u00f3n entre las formaci\u00f3n y los contenidos disciplinarios y la formaci\u00f3n pedag\u00f3gica, desarrollar especializaciones en matem\u00e1tica, ciencias, etc.  por que tienen profesores en educaci\u00f3n b\u00e1sica que se preparan como generalista.<\/span><\/p>\n<\/p>\n<p><span class=\"text1noticias\">Tambi\u00e9n se necesitan generalizar est\u00e1ndares orientadores  de curriculum  de formaci\u00f3n de las distintas instituciones, formar educadores para tender la diversidad, mejorar la vinculaci\u00f3n entre las instituciones formadoras y el sistema escolar,  enfatizar una formaci\u00f3n pr\u00e1ctica articulada a la formaci\u00f3n te\u00f3rica, mejorar la selecci\u00f3n y el desarrollo acad\u00e9mico de los formadores y fortalecer la investigaci\u00f3n educativa y vincularla con la formaci\u00f3n. <\/span><\/p>\n<\/p>\n<p><span class=\"text1noticias\">Adem\u00e1s, consider\u00f3 que como en este pa\u00eds, en Chile se hace necesario elevar los requisitos de ingresos para la carrera de pedagog\u00eda. En este tema se detuvo para hacer una reflexi\u00f3n que tiene que ver con el derecho y la igualdad de oportunidades para los ciudadanos.   \u00abeste tema no es f\u00e1cil porque hay un tema de tambi\u00e9n de equidad por que hay desigualdad en los resultados escolares, entonces como uno no acepta la equidad pero tampoco acepta la equidad en el sistema escolar permitiendo que entren a estudiar personas que no est\u00e1n bien preparadas acad\u00e9micamente, que no se les ayuda a superar esas deficiencias y que probablemente van a ir a ense\u00f1ar a las zonas rurales o m\u00e1s pobres y a los alumnos que mas necesitan una preparaci\u00f3n adecuada. <\/span><\/p>\n<\/p>\n<p><span class=\"text1noticias\">Al dar la bienvenida, el doctor Machesi dijo que es tarea fundamental focalizar los esfuerzos oficiales en elevar la calidad de los maestros \u00abEl maestro es el indicador principal de un sistema educativo y la calidad de este se mide por la calidad de su maestros, no es posible tener mas calidad en un sistema educativo que las aportan sus maestros por tanto hay que focalizar el esfuerzo en sus maestros y en el contexto en que desarrollan sus actividades. Esto es tarea fundamental, expres\u00f3.<\/span><\/p>\n<\/p>\n<p><span class=\"text1noticias\">Destac\u00f3 la importancia de la actualizaci\u00f3n y los incentivos a lo largo de la vida profesional del maestro, y entiende que debe darse atenci\u00f3n permanente al contexto en que estos profesionales desarrollan sus trabajos.<\/span><\/p>\n<p><span class=\"text1noticias\">Dijo que la educaci\u00f3n es una funci\u00f3n de competencias que permiten desarrollar conocimientos y que permiten dar estabilidad, equilibrio, bienestar personal  y formaci\u00f3n y compromiso moral en el ejercicio de la profesi\u00f3n. <\/span><\/p>\n<\/p>\n<p><span class=\"text1noticias\">Expuso que hoy la profesi\u00f3n docente debe cumplir un rol m\u00e1s all\u00e1 de transmitir conocimientos por lo que debe prepararse a los maestros para que atiendan la dimensi\u00f3n emocional y moral de los estudiantes <\/span><\/p>\n<\/p>\n<p><span class=\"text1noticias\">Al participar en la conferencia la Licenciada Vincent, quien represent\u00f3 a la Ministra de Educaci\u00f3n, licenciada Josefina Pimentel , dijo que en el Minerd se comparte la idea de que la calidad del sistema educativo esta determinada por el nivel de formaci\u00f3n y competencia de los maestros. <\/span><\/p>\n<\/p>\n<p><span class=\"text1noticias\">Explico que en la Rep\u00fablica Dominicana se sabe que la situaci\u00f3n a nivel de la formaci\u00f3n inicial es cr\u00edtica. Inform\u00f3 que en un diagnostico realizado por las universidades se identificaron m\u00faltiples deficiencias  al nivel de la oferta curricular, de la estructura de la organizaci\u00f3n de sus planes de estudios, del componente pr\u00e1ctico y la ausencia de innovaciones e investigaciones que sirvieran de bases a la docencia.  <\/span><\/p>\n<\/p>\n<p><span class=\"text1noticias\">Dijo que en el diagnostico las instituciones de educaci\u00f3n superior han sido honesta al reconocer  que las oportunidades que dan a los estudiantes de educaci\u00f3n para acercarse a los perfiles de egresos que las academias plantean en su ofertas curricular son muy pobres.<\/span><\/p>\n<\/p>\n<p><span class=\"text1noticias\">Entiende que eso hace que los programas de formaci\u00f3n docentes sean programas de baja categor\u00eda, y que esta calificaci\u00f3n se fe reforzada  debido que estos programas se desarrollan bajo una modalidad intensiva \u00abdonde el estudiante de educaci\u00f3n, futuro formador de las pr\u00f3ximas generaciones ha venido por d\u00e9cadas  form\u00e1ndose siguiendo una estrategia de titulaci\u00f3n de emergencias con programas intensivos concebida en el pa\u00eds ante el aumento de la matr\u00edcula que se experimentaba en la escuela\u00bb. <\/span><\/p>\n<\/p>\n<p><span class=\"text1noticias\">En la actividad intervinieron adem\u00e1s la directora ejecutiva del Inafocam, licenciada Gineida Castillo D\u00edaz, la doctora Ancel Schecker, directora de Evaluaci\u00f3n del Minerd y la doctora Catalina And\u00fajar directora de la oficina de la OEI en Rep\u00fablica Dominicana. Asistieron representantes de las instituciones de educaci\u00f3n superior que desarrollan programas de formaci\u00f3n docentes, investigadores educativos y otros directivos del Minerd, El Isfodosu e Inafocam<\/span>.    <\/p>\n<h6> 2012-02-26 17:36:10 <\/h6>\n<p><!--\n<link rel=\"stylesheet\" href=\"css\/bootstrap.min.css\">\n\n\n<ul class=\"pagination\">\n\t    \n\t\n\n<li >\n\t<a href='?page_no=17860'>Previous<\/a>\n\t<\/li>\n\n\n       \n    \n\n<li><a href='?page_no=1'>1<\/a><\/li>\n\n\n\n<li><a href='?page_no=2'>2<\/a><\/li>\n\n\n\n<li><a>...<\/a><\/li>\n\n\n\n<li><a href='?page_no=17859'>17859<\/a><\/li>\n\n\n\n<li><a href='?page_no=17860'>17860<\/a><\/li>\n\n\n\n<li class='active'><a>17861<\/a><\/li>\n\n\n\n<li><a href='?page_no=17862'>17862<\/a><\/li>\n\n\n\n<li><a href='?page_no=17863'>17863<\/a><\/li>\n\n\n\n<li><a>...<\/a><\/li>\n\n\n\n<li><a href='?page_no=22911'>22911<\/a><\/li>\n\n\n\n<li><a href='?page_no=22912'>22912<\/a><\/li>\n\n    \n\t\n\n<li >\n\t<a href='?page_no=17862'>Next<\/a>\n\t<\/li>\n\n\n    \n\n<li><a href='?page_no=22912'>Last &rsaquo;&rsaquo;<\/a><\/li>\n\n<\/ul>\n\n\n--><br \/>\n<\/body><\/p>\n","protected":false},"excerpt":{"rendered":"<p>Rep.Dom, 26 de Febrero.- El Ministerio de Educaci\u00f3n (MINERD), el Instituto Nacional de Formaci\u00f3n y Capacitaci\u00f3n del Magisterio (INAFOCAM) y la Oficina Regional de la Organizaci\u00f3n de Estado Iberoamericanos (OEI) en Rep\u00fablica Dominicana, realizaron una conferencia en la que se destac\u00f3 la importancia del maestro como el eje fundamental de la calidad y los avances [&hellip;]<\/p>\n","protected":false},"author":3,"featured_media":0,"comment_status":"open","ping_status":"open","sticky":false,"template":"","format":"standard","meta":{"footnotes":""},"categories":[21],"tags":[],"class_list":["post-66183","post","type-post","status-publish","format-standard","hentry","category-cultura"],"_links":{"self":[{"href":"https:\/\/diariodominicano.com\/index.php?rest_route=\/wp\/v2\/posts\/66183","targetHints":{"allow":["GET"]}}],"collection":[{"href":"https:\/\/diariodominicano.com\/index.php?rest_route=\/wp\/v2\/posts"}],"about":[{"href":"https:\/\/diariodominicano.com\/index.php?rest_route=\/wp\/v2\/types\/post"}],"author":[{"embeddable":true,"href":"https:\/\/diariodominicano.com\/index.php?rest_route=\/wp\/v2\/users\/3"}],"replies":[{"embeddable":true,"href":"https:\/\/diariodominicano.com\/index.php?rest_route=%2Fwp%2Fv2%2Fcomments&post=66183"}],"version-history":[{"count":0,"href":"https:\/\/diariodominicano.com\/index.php?rest_route=\/wp\/v2\/posts\/66183\/revisions"}],"wp:attachment":[{"href":"https:\/\/diariodominicano.com\/index.php?rest_route=%2Fwp%2Fv2%2Fmedia&parent=66183"}],"wp:term":[{"taxonomy":"category","embeddable":true,"href":"https:\/\/diariodominicano.com\/index.php?rest_route=%2Fwp%2Fv2%2Fcategories&post=66183"},{"taxonomy":"post_tag","embeddable":true,"href":"https:\/\/diariodominicano.com\/index.php?rest_route=%2Fwp%2Fv2%2Ftags&post=66183"}],"curies":[{"name":"wp","href":"https:\/\/api.w.org\/{rel}","templated":true}]}}