{"id":66182,"date":"2012-02-26T17:44:54","date_gmt":"2012-02-26T17:44:54","guid":{"rendered":"http:\/\/diariodominicano.ddns.net\/?p=66182"},"modified":"2012-02-26T17:44:54","modified_gmt":"2012-02-26T17:44:54","slug":"jefatura-pn-inaugura-museo-policial-dominicana-biblioteca-y-salon-multiusos","status":"publish","type":"post","link":"https:\/\/diariodominicano.com\/?p=66182","title":{"rendered":"Jefatura PN inaugura Museo Policial Dominicana, Biblioteca y Sal\u00f3n Multiusos"},"content":{"rendered":"<p><body><\/p>\n<p><img decoding=\"async\" src=\"img3\/pncultura.JPG\" \/>  <\/p>\n<p><span class=\"text1noticias\">Rep.Dom, 26 de Febrero.- La Jefatura de la Polic\u00eda Nacional  inaugur\u00f3  la reconstrucci\u00f3n del  Museo  Policial  Dominicano y la puesta en servicio de una Biblioteca y sal\u00f3n Multiusos, con el objetivo de contribuir al desarrollo de la cultura y la ense\u00f1anza de los agentes policiales, amigos, relacionados y la comunidad en sentido general.<\/span><\/p>\n<\/p>\n<p><span class=\"text1noticias\">El Museo Policial Dominicano, est\u00e1 ubicado  en  la  calle Isabel La Cat\u00f3lica, esquina Emiliano Tejera, en la Zona  Colonial, en cuya instalaci\u00f3n se equip\u00f3 la biblioteca y sal\u00f3n multiusos.<\/span><\/p>\n<\/p>\n<p><span class=\"text1noticias\">La biblioteca cuenta con m\u00e1s de 5 mil libros de  diferentes \u00e1reas  de la cultura, como son, novelas, ciencia y tecnolog\u00eda, obras literarias, textos cient\u00edficos, poes\u00edas, historia y geograf\u00eda, entre otros. Tambi\u00e9n tiene un \u00e1rea infantil, dotada con las debidas facilidades.<\/span><\/p>\n<\/p>\n<p><span class=\"text1noticias\">El mayor general,  Jos\u00e9  Armando Polanco G\u00f3mez, jefe policial, encabez\u00f3 el acto de  apertura, en compa\u00f1\u00eda  de la generala de brigada, Juana Campusano Jim\u00e9nez, directora de ese Museo Policial.<\/span><\/p>\n<\/p>\n<p><span class=\"text1noticias\">Dijo que con la apertura de la biblioteca, la Polic\u00eda se pone a la par con otros cuerpos del orden del \u00e1rea.<\/span><\/p>\n<\/p>\n<p><span class=\"text1noticias\">Declar\u00f3 que con ella, la Polic\u00eda Nacional hace un aporte a la educaci\u00f3n y la cultura de los polic\u00edas, sus hijos, amigos, familiares y la sociedad.<\/span><\/p>\n<\/p>\n<p><span class=\"text1noticias\">El proyecto fue posible gracias  al  apoyo de la Jefatura  de la Polic\u00eda Nacional, Ministerio de Cultura,  la Cooperaci\u00f3n Espa\u00f1ola, la Fundaci\u00f3n Infancia Sin Fronteras, el Ministerio Publico, La Biblioteca Nacional, la Sindicatura del Distrito y  un invaluable  equipo de  trabajo  miembros  del museo policial que  ha estado al frente y firme  en este proyecto.<\/span><\/p>\n<\/p>\n<p><span class=\"text1noticias\">La generala Campusano, directora del Museo Policial, agradeci\u00f3 el apoyo brindado por distintos organismos nacionales e internacionales, por hacer realidad el sue\u00f1o de poder contar con una biblioteca.<\/span><\/p>\n<\/p>\n<p><span class=\"text1noticias\">Dijo que se trata de una biblioteca para el uso de los polic\u00edas, sus hijos y la sociedad en sentido general.<\/span><\/p>\n<\/p>\n<p><span class=\"text1noticias\">De esta forma, el Museo Policial pone al servicio de la sociedad sus diferentes salas de exhibici\u00f3n, una biblioteca y un sal\u00f3n multiusos.<\/span><\/p>\n<\/p>\n<p><span class=\"text1noticias\">La historia de la Instituci\u00f3n es recreada con uniformes de \u00e9pocas y actuales, galer\u00edas de fotograf\u00edas, desarrollo de las comunicaciones y los equipos utilizados para combatir el crimen.<\/span><\/p>\n<\/p>\n<p><span class=\"text1noticias\">El Museo policial fue remozado, a ra\u00edz de la idea originada en la Jefatura que encabeza el mayor general Jos\u00e9 A. Polanco G\u00f3mez, anhelo que prosper\u00f3 gracias al apoyo del excelent\u00edsimo presidente de la Rep\u00fablica, doctor Leonel Fern\u00e1ndez Reyna.-<\/span><\/p>\n<\/p>\n<p><span class=\"text1noticias\">En el acto hablaron la se\u00f1ora Ana \u00c1lvarez, de la Cooperaci\u00f3n Espa\u00f1ola; Diana Mart\u00ednez, representante del Ayuntamiento del Distrito Nacional y el se\u00f1or William Garc\u00eda, de la Junta de Vecinos Santa Barbara<\/span>.<\/p>\n<h6> 2012-02-26 17:44:54 <\/h6>\n<p><!--\n<link rel=\"stylesheet\" href=\"css\/bootstrap.min.css\">\n\n\n<ul class=\"pagination\">\n\t    \n\t\n\n<li >\n\t<a href='?page_no=17859'>Previous<\/a>\n\t<\/li>\n\n\n       \n    \n\n<li><a href='?page_no=1'>1<\/a><\/li>\n\n\n\n<li><a href='?page_no=2'>2<\/a><\/li>\n\n\n\n<li><a>...<\/a><\/li>\n\n\n\n<li><a href='?page_no=17858'>17858<\/a><\/li>\n\n\n\n<li><a href='?page_no=17859'>17859<\/a><\/li>\n\n\n\n<li class='active'><a>17860<\/a><\/li>\n\n\n\n<li><a href='?page_no=17861'>17861<\/a><\/li>\n\n\n\n<li><a href='?page_no=17862'>17862<\/a><\/li>\n\n\n\n<li><a>...<\/a><\/li>\n\n\n\n<li><a href='?page_no=22911'>22911<\/a><\/li>\n\n\n\n<li><a href='?page_no=22912'>22912<\/a><\/li>\n\n    \n\t\n\n<li >\n\t<a href='?page_no=17861'>Next<\/a>\n\t<\/li>\n\n\n    \n\n<li><a href='?page_no=22912'>Last &rsaquo;&rsaquo;<\/a><\/li>\n\n<\/ul>\n\n\n--><br \/>\n<\/body><\/p>\n","protected":false},"excerpt":{"rendered":"<p>Rep.Dom, 26 de Febrero.- La Jefatura de la Polic\u00eda Nacional inaugur\u00f3 la reconstrucci\u00f3n del Museo Policial Dominicano y la puesta en servicio de una Biblioteca y sal\u00f3n Multiusos, con el objetivo de contribuir al desarrollo de la cultura y la ense\u00f1anza de los agentes policiales, amigos, relacionados y la comunidad en sentido general. El Museo [&hellip;]<\/p>\n","protected":false},"author":3,"featured_media":0,"comment_status":"open","ping_status":"open","sticky":false,"template":"","format":"standard","meta":{"footnotes":""},"categories":[21],"tags":[],"class_list":["post-66182","post","type-post","status-publish","format-standard","hentry","category-cultura"],"_links":{"self":[{"href":"https:\/\/diariodominicano.com\/index.php?rest_route=\/wp\/v2\/posts\/66182","targetHints":{"allow":["GET"]}}],"collection":[{"href":"https:\/\/diariodominicano.com\/index.php?rest_route=\/wp\/v2\/posts"}],"about":[{"href":"https:\/\/diariodominicano.com\/index.php?rest_route=\/wp\/v2\/types\/post"}],"author":[{"embeddable":true,"href":"https:\/\/diariodominicano.com\/index.php?rest_route=\/wp\/v2\/users\/3"}],"replies":[{"embeddable":true,"href":"https:\/\/diariodominicano.com\/index.php?rest_route=%2Fwp%2Fv2%2Fcomments&post=66182"}],"version-history":[{"count":0,"href":"https:\/\/diariodominicano.com\/index.php?rest_route=\/wp\/v2\/posts\/66182\/revisions"}],"wp:attachment":[{"href":"https:\/\/diariodominicano.com\/index.php?rest_route=%2Fwp%2Fv2%2Fmedia&parent=66182"}],"wp:term":[{"taxonomy":"category","embeddable":true,"href":"https:\/\/diariodominicano.com\/index.php?rest_route=%2Fwp%2Fv2%2Fcategories&post=66182"},{"taxonomy":"post_tag","embeddable":true,"href":"https:\/\/diariodominicano.com\/index.php?rest_route=%2Fwp%2Fv2%2Ftags&post=66182"}],"curies":[{"name":"wp","href":"https:\/\/api.w.org\/{rel}","templated":true}]}}