{"id":661813,"date":"2026-01-24T02:47:54","date_gmt":"2026-01-24T06:47:54","guid":{"rendered":"https:\/\/diariodominicano.com\/?p=661813"},"modified":"2026-01-24T03:04:44","modified_gmt":"2026-01-24T07:04:44","slug":"banco-popular-cierra-con-exito-su-participacion-en-fitur-2026-con-proyectos-estimados-en-us6200-millones","status":"publish","type":"post","link":"https:\/\/diariodominicano.com\/?p=661813","title":{"rendered":"Banco Popular cierra con \u00e9xito su participaci\u00f3n en FITUR 2026 con proyectos estimados en US$6,200 millones"},"content":{"rendered":"\n<p><strong>Entidad financiera reafirm\u00f3 compromiso con el desarrollo del turismo y su diversificaci\u00f3n geogr\u00e1fica<\/strong><\/p>\n\n\n\n<figure class=\"wp-block-image size-large\"><img loading=\"lazy\" decoding=\"async\" width=\"1024\" height=\"683\" src=\"https:\/\/diariodominicano.com\/wp-content\/uploads\/2026\/01\/Fitur-BP2BCL03529-1024x683.jpg\" alt=\"\" class=\"wp-image-661817\" srcset=\"https:\/\/diariodominicano.com\/wp-content\/uploads\/2026\/01\/Fitur-BP2BCL03529-1024x683.jpg 1024w, https:\/\/diariodominicano.com\/wp-content\/uploads\/2026\/01\/Fitur-BP2BCL03529-300x200.jpg 300w, https:\/\/diariodominicano.com\/wp-content\/uploads\/2026\/01\/Fitur-BP2BCL03529-768x512.jpg 768w, https:\/\/diariodominicano.com\/wp-content\/uploads\/2026\/01\/Fitur-BP2BCL03529-1536x1024.jpg 1536w, https:\/\/diariodominicano.com\/wp-content\/uploads\/2026\/01\/Fitur-BP2BCL03529-2048x1365.jpg 2048w, https:\/\/diariodominicano.com\/wp-content\/uploads\/2026\/01\/Fitur-BP2BCL03529-816x544.jpg 816w\" sizes=\"auto, (max-width: 1024px) 100vw, 1024px\" \/><\/figure>\n\n\n\n<p><strong>De izquierda a derecha, los se\u00f1ores Mariel Bera, Juan Manuel Mart\u00edn de Oliva, Luis E. Esp\u00ednola, David Collado, Antonia Ant\u00f3n de Hern\u00e1ndez, Jos\u00e9 Hern\u00e1ndez Caama\u00f1o, Jos\u00e9 M\u00e1rmol, Robinson Bou y Jos\u00e9 Cuervo.<\/strong><\/p>\n\n\n\n<p><a>Madrid, Espa\u00f1a. \u2013 El Banco Popular Dominicano concluy\u00f3 exitosamente su participaci\u00f3n en la 46\u00aa edici\u00f3n de la Feria Internacional de Turismo (FITUR), reafirmando su compromiso con el desarrollo del turismo nacional y consolidando su liderazgo como principal entidad financiera del sector en la Rep\u00fablica Dominicana.<\/a><\/p>\n\n\n\n<p>Durante esta destacada feria internacional, el banco acompa\u00f1\u00f3 negociaciones que representan una inversi\u00f3n total estimada en US$6,200 millones para 36 proyectos tur\u00edsticos en el pa\u00eds, cuyos&nbsp;pontenciales&nbsp;financiamientos, que inicialmente fueron previstos en US$1,300 millones, terminaron ascendiendo a unos US$3,100 millones.&nbsp;<\/p>\n\n\n\n<figure class=\"wp-block-image size-large\"><img loading=\"lazy\" decoding=\"async\" width=\"1024\" height=\"683\" src=\"https:\/\/diariodominicano.com\/wp-content\/uploads\/2026\/01\/fitur-23-BCL03453-1024x683.jpg\" alt=\"\" class=\"wp-image-661820\" srcset=\"https:\/\/diariodominicano.com\/wp-content\/uploads\/2026\/01\/fitur-23-BCL03453-1024x683.jpg 1024w, https:\/\/diariodominicano.com\/wp-content\/uploads\/2026\/01\/fitur-23-BCL03453-300x200.jpg 300w, https:\/\/diariodominicano.com\/wp-content\/uploads\/2026\/01\/fitur-23-BCL03453-768x512.jpg 768w, https:\/\/diariodominicano.com\/wp-content\/uploads\/2026\/01\/fitur-23-BCL03453-1536x1024.jpg 1536w, https:\/\/diariodominicano.com\/wp-content\/uploads\/2026\/01\/fitur-23-BCL03453-2048x1365.jpg 2048w, https:\/\/diariodominicano.com\/wp-content\/uploads\/2026\/01\/fitur-23-BCL03453-816x544.jpg 816w\" sizes=\"auto, (max-width: 1024px) 100vw, 1024px\" \/><\/figure>\n\n\n\n<p><strong>De izquierda a derecha, los se\u00f1ores Mariel Bera, Jos\u00e9 Cuervo, Jos\u00e9 M\u00e1rmol, Robinson Bou, Antonia Ant\u00f3n de Hern\u00e1ndez, Jos\u00e9 Hern\u00e1ndez Caama\u00f1o, Juan Manuel Mart\u00edn de Oliva, Luis E. Esp\u00ednola, Karina Vallejo y Beatriz Sousa.<\/strong><\/p>\n\n\n\n<p>De estos proyectos, cinco corresponden a nuevos desarrollos. En tanto, el 90% van destinados al sector hotelero y el 10% para ofertas complementarias.<\/p>\n\n\n\n<p>Adem\u00e1s, se prev\u00e9 una desconcentraci\u00f3n geogr\u00e1fica de las inversiones. La regi\u00f3n Este contin\u00faa concentrando el 60% de los proyectos, mientras que las regiones Norte y Suroeste en conjunto agrupan el 40% restante.<\/p>\n\n\n\n<p>Este enfoque refleja el respaldo del Banco Popular a la diversificaci\u00f3n territorial y tem\u00e1tica del turismo nacional, contribuyendo a proyectar a la Rep\u00fablica Dominicana como un destino diverso con playas, monta\u00f1as, cultura, gastronom\u00eda y experiencias aut\u00e9nticas gracias a su gente.<\/p>\n\n\n\n<p><strong>Inversiones, empleos y renovaciones hoteleras<\/strong><\/p>\n\n\n\n<p>Este acompa\u00f1amiento financiero a estos proyectos se traducir\u00eda en la construcci\u00f3n y renovaci\u00f3n de unas 14,000 habitaciones hoteleras, as\u00ed como la generaci\u00f3n de alrededor de 13,000 empleos directos y 39,000 indirectos, lo que significa un apoyo notable al desarrollo econ\u00f3mico y social de distintas regiones del pa\u00eds.<\/p>\n\n\n\n<figure class=\"wp-block-image size-large\"><img loading=\"lazy\" decoding=\"async\" width=\"1024\" height=\"601\" src=\"https:\/\/diariodominicano.com\/wp-content\/uploads\/2026\/01\/fitur-4-BCL03780-1024x601.jpg\" alt=\"\" class=\"wp-image-661824\" srcset=\"https:\/\/diariodominicano.com\/wp-content\/uploads\/2026\/01\/fitur-4-BCL03780-1024x601.jpg 1024w, https:\/\/diariodominicano.com\/wp-content\/uploads\/2026\/01\/fitur-4-BCL03780-300x176.jpg 300w, https:\/\/diariodominicano.com\/wp-content\/uploads\/2026\/01\/fitur-4-BCL03780-768x451.jpg 768w, https:\/\/diariodominicano.com\/wp-content\/uploads\/2026\/01\/fitur-4-BCL03780-1536x902.jpg 1536w, https:\/\/diariodominicano.com\/wp-content\/uploads\/2026\/01\/fitur-4-BCL03780-2048x1203.jpg 2048w, https:\/\/diariodominicano.com\/wp-content\/uploads\/2026\/01\/fitur-4-BCL03780-816x479.jpg 816w\" sizes=\"auto, (max-width: 1024px) 100vw, 1024px\" \/><\/figure>\n\n\n\n<p>De izquierda a derecha, los se\u00f1ores Anabel Bueno, Juan Bancalari, Leonardo<br>Aguilera, David Collado, Luis E. Esp\u00ednola, Guillermo M\u00e9ndez y Tammy Reynoso.<\/p>\n\n\n\n<p>Durante el desayuno de cierre ofrecido por el Ministerio de Turismo (MITUR) a medios de comunicaci\u00f3n, el se\u00f1or Luis E. Esp\u00ednola, vicepresidente ejecutivo senior de Negocios Nacionales e Internacionales del Popular, destac\u00f3 el papel estrat\u00e9gico de la entidad bancaria en el impulso al turismo dominicano y en el fortalecimiento de las inversiones sostenibles.<\/p>\n\n\n\n<p>\u201cEl trabajo conjunto entre el Ministerio de Turismo, el sector privado, los medios de comunicaci\u00f3n y la creciente participaci\u00f3n del mercado de capitales en este sector ha sido clave para posicionar a la Rep\u00fablica Dominicana como un destino l\u00edder. La entrada de nuevos mercados emisores fortalece nuestra capacidad de atraer inversionistas con visi\u00f3n de largo plazo e inter\u00e9s en proyectos innovadores y sostenibles\u201d, expres\u00f3 el se\u00f1or Esp\u00ednola.<\/p>\n\n\n\n<p>La participaci\u00f3n del Banco Popular en FITUR 2026 incluy\u00f3 una intensa agenda de reuniones de negocios e institucionales, con m\u00e1s de 54 encuentros realizados durante esta semana, organizados junto a las tambi\u00e9n filiales de Grupo Popular AFI Popular, AFP Popular y Servicios Digitales Popular.&nbsp;En estos encuentros, adem\u00e1s, se reunieron ejecutivos de la organizaci\u00f3n financiera con&nbsp;con potenciales nuevos inversionistas interesados en desarrollar por primera vez iniciativas tur\u00edsticas en el pa\u00eds.<\/p>\n\n\n\n<p>EDIMENGRID ABREU ABREU<\/p>\n\n\n\n<p><a target=\"_blank\" href=\"mailto:edabreu@bpd.com.do\" rel=\"noreferrer noopener\">edabreu@bpd.com.do<\/a><\/p>\n\n\n\n<p><\/p>\n","protected":false},"excerpt":{"rendered":"<p>Entidad financiera reafirm\u00f3 compromiso con el desarrollo del turismo y su diversificaci\u00f3n geogr\u00e1fica De izquierda a derecha, los se\u00f1ores Mariel Bera, Juan Manuel Mart\u00edn de Oliva, Luis E. Esp\u00ednola, David Collado, Antonia Ant\u00f3n de Hern\u00e1ndez, Jos\u00e9 Hern\u00e1ndez Caama\u00f1o, Jos\u00e9 M\u00e1rmol, Robinson Bou y Jos\u00e9 Cuervo. Madrid, Espa\u00f1a. \u2013 El Banco Popular Dominicano concluy\u00f3 exitosamente su [&hellip;]<\/p>\n","protected":false},"author":2,"featured_media":661814,"comment_status":"closed","ping_status":"closed","sticky":false,"template":"","format":"standard","meta":{"footnotes":""},"categories":[36,18,27,32],"tags":[],"class_list":["post-661813","post","type-post","status-publish","format-standard","has-post-thumbnail","hentry","category-hombresmujeresycosas","category-economia","category-portada","category-turismo"],"_links":{"self":[{"href":"https:\/\/diariodominicano.com\/index.php?rest_route=\/wp\/v2\/posts\/661813","targetHints":{"allow":["GET"]}}],"collection":[{"href":"https:\/\/diariodominicano.com\/index.php?rest_route=\/wp\/v2\/posts"}],"about":[{"href":"https:\/\/diariodominicano.com\/index.php?rest_route=\/wp\/v2\/types\/post"}],"author":[{"embeddable":true,"href":"https:\/\/diariodominicano.com\/index.php?rest_route=\/wp\/v2\/users\/2"}],"replies":[{"embeddable":true,"href":"https:\/\/diariodominicano.com\/index.php?rest_route=%2Fwp%2Fv2%2Fcomments&post=661813"}],"version-history":[{"count":7,"href":"https:\/\/diariodominicano.com\/index.php?rest_route=\/wp\/v2\/posts\/661813\/revisions"}],"predecessor-version":[{"id":661827,"href":"https:\/\/diariodominicano.com\/index.php?rest_route=\/wp\/v2\/posts\/661813\/revisions\/661827"}],"wp:featuredmedia":[{"embeddable":true,"href":"https:\/\/diariodominicano.com\/index.php?rest_route=\/wp\/v2\/media\/661814"}],"wp:attachment":[{"href":"https:\/\/diariodominicano.com\/index.php?rest_route=%2Fwp%2Fv2%2Fmedia&parent=661813"}],"wp:term":[{"taxonomy":"category","embeddable":true,"href":"https:\/\/diariodominicano.com\/index.php?rest_route=%2Fwp%2Fv2%2Fcategories&post=661813"},{"taxonomy":"post_tag","embeddable":true,"href":"https:\/\/diariodominicano.com\/index.php?rest_route=%2Fwp%2Fv2%2Ftags&post=661813"}],"curies":[{"name":"wp","href":"https:\/\/api.w.org\/{rel}","templated":true}]}}