{"id":66181,"date":"2012-02-27T14:00:34","date_gmt":"2012-02-27T14:00:34","guid":{"rendered":"http:\/\/diariodominicano.ddns.net\/?p=66181"},"modified":"2012-02-27T14:00:34","modified_gmt":"2012-02-27T14:00:34","slug":"bonao-se-viste-de-carnaval","status":"publish","type":"post","link":"https:\/\/diariodominicano.com\/?p=66181","title":{"rendered":"Bonao se viste de carnaval"},"content":{"rendered":"<p><body><\/p>\n<p><img decoding=\"async\" src=\"img3\/Reina Carnaval Bonao.jpg\" \/><br \/><img decoding=\"async\" src=\"img3\/Comparsa bonao.jpg\" \/><br \/><img decoding=\"async\" src=\"img3\/Comparsa bonao 1.jpg\" \/>  <\/p>\n<p><span class=\"text1noticias\">Bonao, Rep. Dominicana, 27 de Febrero del 2012.- El sonar de los cascabeles, la vistosidad de los disfraces, la integraci\u00f3n del pueblo y las impresionantes caretas que exhiben los grupos organizados en el carnaval de Bonao, es lo que hace de esta fiesta de carnestolendas una mezcla de la creatividad de las personas que habitan en el centro del pa\u00eds y que la convierte en una de las provincias del cibao en tener uno de los mejores carnavales.<\/span><\/p>\n<\/p>\n<p><span class=\"text1noticias\">La zona del parque y calle Duarte, domingo tras domingo se convierte en el lugar preferido de los Bonaenses para poner a volar la creatividad de lo que son capaces de hacer todas aquellas personas que sin importar la edad se dan cita y se concentran para respaldar su carnaval.<\/span><\/p>\n<\/p>\n<p><span class=\"text1noticias\">Desde hace muchos a\u00f1os la villa de las hortensias ha tenido su carnaval, aunque no de manera organizada como se viene realizando desde el a\u00f1o 1990 con la conformaci\u00f3n de un Comit\u00e9 Organizador que norma todas las actividades que se desarrollan desde final de enero hasta la segunda semana de marzo.<\/span><\/p>\n<\/p>\n<p><span class=\"text1noticias\">En la presente versi\u00f3n m\u00e1s de 60 grupos organizados se dan cita al parque central de Bonao para exhibir sus trajes y repartir vejigas a los visitantes que desde tempranas horas de la tarde abarrotan sus entornos para disfrutar su carnaval.<\/span><\/p>\n<\/p>\n<p><span class=\"text1noticias\">La fiesta de la carne como mucho la catalogan se caracteriza en Bonao, no solamente por los grupos organizados, sino por la participaci\u00f3n de diversas empresas e instituciones que patrocinan comparsas, personajes e individuales, d\u00e1ndole  mayor lucidez a la fiesta.<\/span><\/p>\n<\/p>\n<p><span class=\"text1noticias\">Entre los grupos que este a\u00f1o participan en el carnaval de Bonao se encuentran, los Guacamayos, Hienas, Ping\u00fcinos, Cobras Peludas, Panteras, Bellacos, Perrudos, Mariachis, Piratas, Los Toletes, Traidores, Los Trotis, Jaguares, Los Tucanes, Indetenibles, Hipo Campos, Leones, Titanes, Jabal\u00edes, Legendarios, Duendes, Las Brujas, Los Monos, Profetas, Tremendos, Las Vacas, as\u00ed como los macaraos de la era de trujillo, asimismo participan las comparsas de la Plaza de la Cultura, Piro Espinal con sus m\u00faltiples personajes, el Roba la Gallina, entre otros, que les dan vida y lo hacen diferente a los dem\u00e1s carnavales que se realizan en el pa\u00eds.<\/span><\/p>\n<\/p>\n<p><span class=\"text1noticias\">El presidente del Comit\u00e9 Organizador del Carnaval de Bonao (COCABO), Jos\u00e9 Lu\u00eds Rodr\u00edguez expres\u00f3 que este a\u00f1o hay mejor organizaci\u00f3n y mayor respaldo de las empresas que han visto el crecimiento del carnaval, dijo que en adici\u00f3n a los grupos de carnaval participan todos los domingos en tarima  reconocidas orquestas que brindan  alegr\u00eda a los noulenses.<\/span><\/p>\n<\/p>\n<p><span class=\"text1noticias\">Como cada a\u00f1o, el Comit\u00e9 Organizador del Carnaval de Bonao (COCABO), escoge su rey momo, galard\u00f3n que recay\u00f3 este a\u00f1o en la persona del destacado abogado y ex juez de la Suprema Corte de Justicia, Pedro Romero Confesor, mientras que la Reina es Lissa Pe\u00f1a D\u00edaz, una bella trigue\u00f1a que representa con mucho orgullo la Villa de las Hortensias. <\/span><\/p>\n<\/p>\n<p><span class=\"text1noticias\">El carnaval de Bonao termina el domingo 11 de marzo con la participaci\u00f3n de m\u00e1s de 25 provincias que cada a\u00f1o se trasladan a la tierra de Aniana Vargas y H\u00e9ctor Acosta, para disfrutar y despedir en grande esta cultura enraizada en el gusto popular de los bonaenses. <\/span><\/p>\n<\/p>\n<p><span class=\"text1noticias\">La Cervecer\u00eda Nacional Dominicana y su comercializador Lu\u00eds Medrano, conjuntamente con el Comit\u00e9 Organizador, integrado por Jos\u00e9 Montero, Reynaldo S\u00e1nchez, Clariza Jim\u00e9nez, as\u00ed como los empresarios, Tom\u00e1s Regalado, Miguelina de la Cruz, Lu\u00eds Rosado, entre otros dan todos lo mejor de si para el \u00e9xito del mismo<\/span>.<\/p>\n<h6> 2012-02-27 14:00:34 <\/h6>\n<p><!--\n<link rel=\"stylesheet\" href=\"css\/bootstrap.min.css\">\n\n\n<ul class=\"pagination\">\n\t    \n\t\n\n<li >\n\t<a href='?page_no=17858'>Previous<\/a>\n\t<\/li>\n\n\n       \n    \n\n<li><a href='?page_no=1'>1<\/a><\/li>\n\n\n\n<li><a href='?page_no=2'>2<\/a><\/li>\n\n\n\n<li><a>...<\/a><\/li>\n\n\n\n<li><a href='?page_no=17857'>17857<\/a><\/li>\n\n\n\n<li><a href='?page_no=17858'>17858<\/a><\/li>\n\n\n\n<li class='active'><a>17859<\/a><\/li>\n\n\n\n<li><a href='?page_no=17860'>17860<\/a><\/li>\n\n\n\n<li><a href='?page_no=17861'>17861<\/a><\/li>\n\n\n\n<li><a>...<\/a><\/li>\n\n\n\n<li><a href='?page_no=22911'>22911<\/a><\/li>\n\n\n\n<li><a href='?page_no=22912'>22912<\/a><\/li>\n\n    \n\t\n\n<li >\n\t<a href='?page_no=17860'>Next<\/a>\n\t<\/li>\n\n\n    \n\n<li><a href='?page_no=22912'>Last &rsaquo;&rsaquo;<\/a><\/li>\n\n<\/ul>\n\n\n--><br \/>\n<\/body><\/p>\n","protected":false},"excerpt":{"rendered":"<p>Bonao, Rep. Dominicana, 27 de Febrero del 2012.- El sonar de los cascabeles, la vistosidad de los disfraces, la integraci\u00f3n del pueblo y las impresionantes caretas que exhiben los grupos organizados en el carnaval de Bonao, es lo que hace de esta fiesta de carnestolendas una mezcla de la creatividad de las personas que habitan [&hellip;]<\/p>\n","protected":false},"author":3,"featured_media":0,"comment_status":"open","ping_status":"open","sticky":false,"template":"","format":"standard","meta":{"footnotes":""},"categories":[21],"tags":[],"class_list":["post-66181","post","type-post","status-publish","format-standard","hentry","category-cultura"],"_links":{"self":[{"href":"https:\/\/diariodominicano.com\/index.php?rest_route=\/wp\/v2\/posts\/66181","targetHints":{"allow":["GET"]}}],"collection":[{"href":"https:\/\/diariodominicano.com\/index.php?rest_route=\/wp\/v2\/posts"}],"about":[{"href":"https:\/\/diariodominicano.com\/index.php?rest_route=\/wp\/v2\/types\/post"}],"author":[{"embeddable":true,"href":"https:\/\/diariodominicano.com\/index.php?rest_route=\/wp\/v2\/users\/3"}],"replies":[{"embeddable":true,"href":"https:\/\/diariodominicano.com\/index.php?rest_route=%2Fwp%2Fv2%2Fcomments&post=66181"}],"version-history":[{"count":0,"href":"https:\/\/diariodominicano.com\/index.php?rest_route=\/wp\/v2\/posts\/66181\/revisions"}],"wp:attachment":[{"href":"https:\/\/diariodominicano.com\/index.php?rest_route=%2Fwp%2Fv2%2Fmedia&parent=66181"}],"wp:term":[{"taxonomy":"category","embeddable":true,"href":"https:\/\/diariodominicano.com\/index.php?rest_route=%2Fwp%2Fv2%2Fcategories&post=66181"},{"taxonomy":"post_tag","embeddable":true,"href":"https:\/\/diariodominicano.com\/index.php?rest_route=%2Fwp%2Fv2%2Ftags&post=66181"}],"curies":[{"name":"wp","href":"https:\/\/api.w.org\/{rel}","templated":true}]}}