{"id":661801,"date":"2026-01-24T02:16:16","date_gmt":"2026-01-24T06:16:16","guid":{"rendered":"https:\/\/diariodominicano.com\/?p=661801"},"modified":"2026-01-24T02:39:31","modified_gmt":"2026-01-24T06:39:31","slug":"llamada-del-secretario-rubio-con-el-primer-ministro-haitiano-fils-aime","status":"publish","type":"post","link":"https:\/\/diariodominicano.com\/?p=661801","title":{"rendered":"Llamada del Secretario Rubio con el Primer Ministro haitiano Fils-Aim\u00e9"},"content":{"rendered":"\n<p>Rubio reafirm\u00f3 al  Primer Ministro haitiano, Alix Fils-Aim\u00e9, el apoyo de Estados Unidos a la estabilidad y seguridad de Hait\u00ed.<\/p>\n\n\n\n<p>23 de enero de 2026<\/p>\n\n\n\n<p>El Secretario de Estado, Marco Rubio, convers\u00f3 el viernes con el Primer Ministro haitiano, Alix Fils-Aim\u00e9, para reafirmar el apoyo de Estados Unidos a la estabilidad y seguridad de Hait\u00ed, seg\u00fan  inform\u00f3 el viernes el portavoz adjunto principal del Departamento de Estado Tommy Pigott.<\/p>\n\n\n\n<p>. El Secretario Rubio enfatiz\u00f3 la importancia de su mandato como Primer Ministro de Hait\u00ed para combatir las bandas terroristas y estabilizar la isla.<\/p>\n\n\n\n<p> Dijo que \u00abLa violencia actual causada por las bandas solo se puede detener con un liderazgo firme y consistente, y con el pleno apoyo del pueblo haitiano.<\/p>\n\n\n\n<p> El Secretario a\u00f1adi\u00f3 que el Consejo Presidencial de Transici\u00f3n (CTP) debe disolverse antes del 7 de febrero, sin que actores corruptos intenten interferir en el camino de Hait\u00ed hacia un gobierno electo para su propio beneficio. <\/p>\n\n\n\n<p>\u00abEl l\u00edder de Hait\u00ed debe priorizar la estabilidad de Hait\u00ed. Estados Unidos garantizar\u00e1 un alto costo para los pol\u00edticos corruptos que apoyan a bandas violentas y perpetran actos de terrorismo en Hait\u00ed, afirm\u00f3 Rubio..<\/p>\n\n\n\n<p>U.S. Department of State<\/p>\n\n\n\n<p><a target=\"_blank\" href=\"mailto:usstatebpa@public.govdelivery.com\" rel=\"noreferrer noopener\">usstatebpa@public.govdelivery.com<\/a><\/p>\n","protected":false},"excerpt":{"rendered":"<p>Rubio reafirm\u00f3 al Primer Ministro haitiano, Alix Fils-Aim\u00e9, el apoyo de Estados Unidos a la estabilidad y seguridad de Hait\u00ed. 23 de enero de 2026 El Secretario de Estado, Marco Rubio, convers\u00f3 el viernes con el Primer Ministro haitiano, Alix Fils-Aim\u00e9, para reafirmar el apoyo de Estados Unidos a la estabilidad y seguridad de Hait\u00ed, [&hellip;]<\/p>\n","protected":false},"author":2,"featured_media":661802,"comment_status":"closed","ping_status":"closed","sticky":false,"template":"","format":"standard","meta":{"footnotes":""},"categories":[26,112,23,27],"tags":[],"class_list":["post-661801","post","type-post","status-publish","format-standard","has-post-thumbnail","hentry","category-efemerides","category-haiti","category-internacional","category-portada"],"_links":{"self":[{"href":"https:\/\/diariodominicano.com\/index.php?rest_route=\/wp\/v2\/posts\/661801","targetHints":{"allow":["GET"]}}],"collection":[{"href":"https:\/\/diariodominicano.com\/index.php?rest_route=\/wp\/v2\/posts"}],"about":[{"href":"https:\/\/diariodominicano.com\/index.php?rest_route=\/wp\/v2\/types\/post"}],"author":[{"embeddable":true,"href":"https:\/\/diariodominicano.com\/index.php?rest_route=\/wp\/v2\/users\/2"}],"replies":[{"embeddable":true,"href":"https:\/\/diariodominicano.com\/index.php?rest_route=%2Fwp%2Fv2%2Fcomments&post=661801"}],"version-history":[{"count":2,"href":"https:\/\/diariodominicano.com\/index.php?rest_route=\/wp\/v2\/posts\/661801\/revisions"}],"predecessor-version":[{"id":661804,"href":"https:\/\/diariodominicano.com\/index.php?rest_route=\/wp\/v2\/posts\/661801\/revisions\/661804"}],"wp:featuredmedia":[{"embeddable":true,"href":"https:\/\/diariodominicano.com\/index.php?rest_route=\/wp\/v2\/media\/661802"}],"wp:attachment":[{"href":"https:\/\/diariodominicano.com\/index.php?rest_route=%2Fwp%2Fv2%2Fmedia&parent=661801"}],"wp:term":[{"taxonomy":"category","embeddable":true,"href":"https:\/\/diariodominicano.com\/index.php?rest_route=%2Fwp%2Fv2%2Fcategories&post=661801"},{"taxonomy":"post_tag","embeddable":true,"href":"https:\/\/diariodominicano.com\/index.php?rest_route=%2Fwp%2Fv2%2Ftags&post=661801"}],"curies":[{"name":"wp","href":"https:\/\/api.w.org\/{rel}","templated":true}]}}