{"id":66180,"date":"2012-02-28T18:45:19","date_gmt":"2012-02-28T18:45:19","guid":{"rendered":"http:\/\/diariodominicano.ddns.net\/?p=66180"},"modified":"2012-02-28T18:45:19","modified_gmt":"2012-02-28T18:45:19","slug":"ministerios-de-cultura-y-educacion-celebraron-carnaval-infantil","status":"publish","type":"post","link":"https:\/\/diariodominicano.com\/?p=66180","title":{"rendered":"Ministerios de Cultura y Educaci\u00f3n celebraron Carnaval Infantil"},"content":{"rendered":"<p><body><\/p>\n<p><img decoding=\"async\" src=\"img3\/cutlruraeducacion.JPG\" \/>  <\/p>\n<p><span class=\"text1noticias\">Rep.Dom, 28 de Febrero.- El Ministerio de Cultura y el Ministerio de Educaci\u00f3n (MINERD) celebraron la primera versi\u00f3n del desfile de Carnaval Infantil, en la avenida Winston Churchill del Distrito Nacional.<\/span><\/p>\n<\/p>\n<p><span class=\"text1noticias\">El evento infantil cont\u00f3 con el apoyo del Ayuntamiento del Distrito Nacional y el patrocinio de Kola Real. Participaron 43 comparsas representativas de San Pedro de Macor\u00eds, Santiago, Ban\u00ed, San Jos\u00e9 de Ocoa, La Vega, San Juan de la Maguana y Santo Domingo, que con su creatividad y colorido divirtieron al p\u00fablico. <\/span><\/p>\n<\/p>\n<p><span class=\"text1noticias\">El productor y conductor de televisi\u00f3n Alan Brito fue escogido como Rey del Carnaval Infantil 2012 y lleg\u00f3 hasta la tarima principal montado en un coche, con el acompa\u00f1amiento de la Banda de M\u00fasica del Cuerpo de Bomberos. <\/span><\/p>\n<\/p>\n<p><span class=\"text1noticias\">Alan Brito dijo sentirse orgulloso de que lo hayan escogido en la primera versi\u00f3n como el Rey del Carnaval Infantil.<\/span><\/p>\n<\/p>\n<p><span class=\"text1noticias\">\u00abSer el Rey del Carnaval Infantil me compromete m\u00e1s. Llevo 25 a\u00f1os trabajando para este p\u00fablico y haciendo fiestas de carnaval privado, pero qu\u00e9 bueno que lo han masificado porque necesitamos llevar la cultura a todas partes del pa\u00eds\u00bb, expres\u00f3.<\/span><\/p>\n<\/p>\n<p><span class=\"text1noticias\">Ram\u00f3n Lachepelle, director ejecutivo de Gesti\u00f3n Cultural y Carnaval del Ministerio de Cultura, dijo que este evento fue organizado para que participe toda la familia en un ambiente de j\u00fabilo y tradici\u00f3n, y para que los ni\u00f1os puedan expresarse libremente.<\/span><\/p>\n<\/p>\n<p><span class=\"text1noticias\">El viceministro de Cultura del MINERD, Luis de Le\u00f3n, inform\u00f3 que en el referido desfile de carnaval participaron comparsas de 7 regionales de Educaci\u00f3n. Expres\u00f3 que: \u00abEste acontecimiento involucra a los educandos en el contexto de la identidad cultural de la Naci\u00f3n Dominicana y resalta el apoyo de la ministra de Educaci\u00f3n, licenciada Josefina Pimentel, a este tipo de iniciativa\u00bb.<\/span><\/p>\n<\/p>\n<p><span class=\"text1noticias\">\u00abEn el evento se pudo evidenciar el trabajo educativo socio-cultural que se realiza desde la aulas del sistema educativo dominicano\u00bb, agreg\u00f3 el viceministro de Educaci\u00f3n.<\/span><\/p>\n<\/p>\n<p><span class=\"text1noticias\">Un amplio dispositivo de seguridad fue apostado en todo el per\u00edmetro, as\u00ed como centros de socorro para ni\u00f1os extraviados.<\/span><\/p>\n<\/p>\n<p><span class=\"text1noticias\">El primer Carnaval Infantil, antesala al desfile Nacional de Carnaval, parti\u00f3 del Parque Mirador Sur hasta la intersecci\u00f3n de la avenida Winston Churchill con Sarasota. Esta primera versi\u00f3n estuvo dedicada a la reconocida folclorista Nereyda Rodr\u00edguez. <\/span><\/p>\n<\/p>\n<p><span class=\"text1noticias\">En la configuraci\u00f3n de las caretas y disfraces la fauna y la naturaleza estuvieron presentes. Desfilaron comparsas hist\u00f3ricas que hicieron alegor\u00eda a la cultura y a la historia de la Rep\u00fablica Dominicana.<\/span><\/p>\n<\/p>\n<p><span class=\"text1noticias\">Adem\u00e1s de De Le\u00f3n, en el evento estuvieron presentes por el MINERD Cruz Mar\u00eda Dotel, directora de Educaci\u00f3n Art\u00edstica; Vitalia Lara, directora de Acreditaci\u00f3n y Categorizaci\u00f3n de Centros Educativos, y Luz Elena Patarroyo, del departamento de Co-Gesti\u00f3n. <\/span><\/p>\n<\/p>\n<p><span class=\"text1noticias\">Participaron como jurados el actor Jhonny Mercedes, el folclorista Eddy S\u00e1nchez, y el antrop\u00f3logo Julio Encarnaci\u00f3n.<\/span><\/p>\n<\/p>\n<p><span class=\"text1noticias\">Entre las comparsas que desfilaron estuvieron La Selva en Carnaval (Ban\u00ed), El Planeta Llora (Ocoa), M\u00e1gica Dulzura (San Pedro de Macor\u00eds), Los Campesinos de Pedro Corto (San Juan de la Maguana), Los Galleritos de Los Mina (Santo Domingo Este), Por Amor al Carnaval (Villa Mella), Los L\u00e1pices de Colores (Guerra), Los Calif\u00e9 (Villa Juana), Los Buloyitas (Sabana Perdida), La Lectura Vive (Alma Rosa), \u00c1frica en Carnaval (Mar\u00eda Auxiliadora), y Los Pitufos (Villa Mar\u00eda).<\/span><\/p>\n<\/p>\n<p><span class=\"text1noticias\">Alan Brito tuvo a su cargo el espect\u00e1culo de cierre, que tambi\u00e9n incluy\u00f3 la presentaci\u00f3n de Sonidos de mi Barrio, de ni\u00f1os y adolescentes del sector Capotillo<\/span>.<\/p>\n<h6> 2012-02-28 18:45:19 <\/h6>\n<p><!--\n<link rel=\"stylesheet\" href=\"css\/bootstrap.min.css\">\n\n\n<ul class=\"pagination\">\n\t    \n\t\n\n<li >\n\t<a href='?page_no=17857'>Previous<\/a>\n\t<\/li>\n\n\n       \n    \n\n<li><a href='?page_no=1'>1<\/a><\/li>\n\n\n\n<li><a href='?page_no=2'>2<\/a><\/li>\n\n\n\n<li><a>...<\/a><\/li>\n\n\n\n<li><a href='?page_no=17856'>17856<\/a><\/li>\n\n\n\n<li><a href='?page_no=17857'>17857<\/a><\/li>\n\n\n\n<li class='active'><a>17858<\/a><\/li>\n\n\n\n<li><a href='?page_no=17859'>17859<\/a><\/li>\n\n\n\n<li><a href='?page_no=17860'>17860<\/a><\/li>\n\n\n\n<li><a>...<\/a><\/li>\n\n\n\n<li><a href='?page_no=22911'>22911<\/a><\/li>\n\n\n\n<li><a href='?page_no=22912'>22912<\/a><\/li>\n\n    \n\t\n\n<li >\n\t<a href='?page_no=17859'>Next<\/a>\n\t<\/li>\n\n\n    \n\n<li><a href='?page_no=22912'>Last &rsaquo;&rsaquo;<\/a><\/li>\n\n<\/ul>\n\n\n--><br \/>\n<\/body><\/p>\n","protected":false},"excerpt":{"rendered":"<p>Rep.Dom, 28 de Febrero.- El Ministerio de Cultura y el Ministerio de Educaci\u00f3n (MINERD) celebraron la primera versi\u00f3n del desfile de Carnaval Infantil, en la avenida Winston Churchill del Distrito Nacional. El evento infantil cont\u00f3 con el apoyo del Ayuntamiento del Distrito Nacional y el patrocinio de Kola Real. Participaron 43 comparsas representativas de San [&hellip;]<\/p>\n","protected":false},"author":3,"featured_media":0,"comment_status":"open","ping_status":"open","sticky":false,"template":"","format":"standard","meta":{"footnotes":""},"categories":[21],"tags":[],"class_list":["post-66180","post","type-post","status-publish","format-standard","hentry","category-cultura"],"_links":{"self":[{"href":"https:\/\/diariodominicano.com\/index.php?rest_route=\/wp\/v2\/posts\/66180","targetHints":{"allow":["GET"]}}],"collection":[{"href":"https:\/\/diariodominicano.com\/index.php?rest_route=\/wp\/v2\/posts"}],"about":[{"href":"https:\/\/diariodominicano.com\/index.php?rest_route=\/wp\/v2\/types\/post"}],"author":[{"embeddable":true,"href":"https:\/\/diariodominicano.com\/index.php?rest_route=\/wp\/v2\/users\/3"}],"replies":[{"embeddable":true,"href":"https:\/\/diariodominicano.com\/index.php?rest_route=%2Fwp%2Fv2%2Fcomments&post=66180"}],"version-history":[{"count":0,"href":"https:\/\/diariodominicano.com\/index.php?rest_route=\/wp\/v2\/posts\/66180\/revisions"}],"wp:attachment":[{"href":"https:\/\/diariodominicano.com\/index.php?rest_route=%2Fwp%2Fv2%2Fmedia&parent=66180"}],"wp:term":[{"taxonomy":"category","embeddable":true,"href":"https:\/\/diariodominicano.com\/index.php?rest_route=%2Fwp%2Fv2%2Fcategories&post=66180"},{"taxonomy":"post_tag","embeddable":true,"href":"https:\/\/diariodominicano.com\/index.php?rest_route=%2Fwp%2Fv2%2Ftags&post=66180"}],"curies":[{"name":"wp","href":"https:\/\/api.w.org\/{rel}","templated":true}]}}