{"id":66179,"date":"2012-02-28T19:29:52","date_gmt":"2012-02-28T19:29:52","guid":{"rendered":"http:\/\/diariodominicano.ddns.net\/?p=66179"},"modified":"2012-02-28T19:29:52","modified_gmt":"2012-02-28T19:29:52","slug":"conmemoran-en-barahona-con-varias-actividades-dia-de-la-independencia-nacional","status":"publish","type":"post","link":"https:\/\/diariodominicano.com\/?p=66179","title":{"rendered":"Conmemoran en Barahona con varias actividades, D\u00eda de la Independencia Nacional"},"content":{"rendered":"<p><body><\/p>\n<p><img decoding=\"async\" src=\"http:\/\/localhost:8080\/img3\/BANDERA.jpg\" \/>  <\/p>\n<p><span class=\"text1noticias\">POR  EMMA PEREZ<\/span><\/p>\n<\/p>\n<p><span class=\"text1noticias\">Rep.Dom, 28 de Febrero.-Con diferentes  actividades  fue  conmemorado   en esta  ciudad el 168 aniversario de la  Independencia  Nacional, con la participaci\u00f3n de autoridades  civiles  y  militares, coordinadas  por la  Gobernaci\u00f3n y la  Comisi\u00f3n Provincial  de  Efem\u00e9rides Patrias.<\/span><\/p>\n<\/p>\n<p><span class=\"text1noticias\">Las  actividades,  encabezadas  por  el  gobernador  provincial, Pedro Pe\u00f1a Rubio, el  alcalde Noel Octavio Suberv\u00ed,  se iniciaron  a  las  ocho  de la  ma\u00f1ana   con  el  izamiento de  la  Bandera  Nacional  en la  sede  de la  gobernaci\u00f3n provincial.<\/span><\/p>\n<\/p>\n<p><span class=\"text1noticias\">Luego se efectu\u00f3 un Tedeum,  en la  catedral  nuestra se\u00f1ora del Rosario, oficializado  por  monse\u00f1or  Rafael  Leonidas  Felipe  N\u00fa\u00f1ez,  en el hizo referencia los  ocho temas  tratados   en la carta pastoral de la  conferencia del episcopado como son la  situaci\u00f3n de  campo, violencia, econom\u00eda y  bajos  salarios, corrupci\u00f3n, narcotr\u00e1fico, la educaci\u00f3n, servicios b\u00e1sicos y el orden constitucional<\/span><\/p>\n<\/p>\n<p><span class=\"text1noticias\">Tambi\u00e9n se  realiz\u00f3  un desfile  por  calles de  esta  ciudad,  con la  participaci\u00f3n de  cientos de estudiantes de  centros  educativos p\u00fablicos  y privados, deportistas, la  banda  de m\u00fasica municipal, Batton Ballet Andino y Mar\u00eda  Montez, miembros del Ej\u00e9rcito, Polic\u00eda, Defensa  Civil, Marina de Guerra, Cruz Roja, Politur, entre otros.<\/span><\/p>\n<\/p>\n<p><span class=\"text1noticias\">El  acto  central  de la  celebraci\u00f3n  se  realiz\u00f3  en  la  plazoleta  Duarte,  donde  las 25 instituciones  depositaron ofrendas  florales. Tambien  estudiantes  de la  escuela  Maria Montez tuvieron a su  cargo una poesia  coreada  con el grito de los trinitarios.<\/span><\/p>\n<\/p>\n<p><span class=\"text1noticias\">Las  Palabras    centrales   estuvieron  a  cargo  del gobernador  Pe\u00f1a  Rubio, mientras  que  por  Educaci\u00f3n habl\u00f3  el profesor  Ram\u00f3n L\u00f3pez  Inoa y  en  representaci\u00f3n alcald\u00eda el  doctor  Rafael  Matos  Feliz.<\/span><\/p>\n<\/p>\n<p><span class=\"text1noticias\">\u00abEs precisamente  un d\u00eda  como  hoy  que finalizamos  el  mes  de  patria, hace 168  a\u00f1os  que  se  conjugaron  el deber, el conocimiento  y el  valor de un  grupo  de  hombres  y  mujeres  encabezados  por  los  trinitarios que gritaron  a una  sola  voz aquel  27  de  febrero viva, viva, la  Republica Dominicana\u00bb  dijo el representante  del Poder Ejecutivo.<\/span><\/p>\n<\/p>\n<p><span class=\"text1noticias\">Participaron   en  las  actividades, el licenciado Bienvenido  Heredia,  coordinador  de la  Comisi\u00f3n Permanente  de Efem\u00e9rides  Patrias,  el coronel julio  C\u00e9sar Lorenzo Pulinario, director  regional Sur  de  la Polic\u00eda,  el capit\u00e1n de  fragata Norberto P\u00e9rez, de la  Marina  de  Guerra,  director  de Hospital  Jaime  Mota;  el coronel Martin Corniell, de  AMET; Marcos  Soto, Adem\u00e1s,  Deisy Turv\u00ed de  CONANI,  Noelisa Paula de la  Cruz Roja,  Andrea  Gonzalez, de PROTECOM, la concejal  Ines Mar\u00eda  Matos, el doctor Sucre  Antonio Mu\u00f1oz; Nelson  Caba del INESPRE,; Augusto  Moreta de la  Defensa Civil,, Ana  Bartola  Acosta, entre otros<\/span>.<\/p>\n<h6> 2012-02-28 19:29:52 <\/h6>\n<p><!--\n<link rel=\"stylesheet\" href=\"css\/bootstrap.min.css\">\n\n\n<ul class=\"pagination\">\n\t    \n\t\n\n<li >\n\t<a href='?page_no=17856'>Previous<\/a>\n\t<\/li>\n\n\n       \n    \n\n<li><a href='?page_no=1'>1<\/a><\/li>\n\n\n\n<li><a href='?page_no=2'>2<\/a><\/li>\n\n\n\n<li><a>...<\/a><\/li>\n\n\n\n<li><a href='?page_no=17855'>17855<\/a><\/li>\n\n\n\n<li><a href='?page_no=17856'>17856<\/a><\/li>\n\n\n\n<li class='active'><a>17857<\/a><\/li>\n\n\n\n<li><a href='?page_no=17858'>17858<\/a><\/li>\n\n\n\n<li><a href='?page_no=17859'>17859<\/a><\/li>\n\n\n\n<li><a>...<\/a><\/li>\n\n\n\n<li><a href='?page_no=22911'>22911<\/a><\/li>\n\n\n\n<li><a href='?page_no=22912'>22912<\/a><\/li>\n\n    \n\t\n\n<li >\n\t<a href='?page_no=17858'>Next<\/a>\n\t<\/li>\n\n\n    \n\n<li><a href='?page_no=22912'>Last &rsaquo;&rsaquo;<\/a><\/li>\n\n<\/ul>\n\n\n--><br \/>\n<\/body><\/p>\n","protected":false},"excerpt":{"rendered":"<p>POR EMMA PEREZ Rep.Dom, 28 de Febrero.-Con diferentes actividades fue conmemorado en esta ciudad el 168 aniversario de la Independencia Nacional, con la participaci\u00f3n de autoridades civiles y militares, coordinadas por la Gobernaci\u00f3n y la Comisi\u00f3n Provincial de Efem\u00e9rides Patrias. Las actividades, encabezadas por el gobernador provincial, Pedro Pe\u00f1a Rubio, el alcalde Noel Octavio Suberv\u00ed, [&hellip;]<\/p>\n","protected":false},"author":3,"featured_media":0,"comment_status":"open","ping_status":"open","sticky":false,"template":"","format":"standard","meta":{"footnotes":""},"categories":[21],"tags":[],"class_list":["post-66179","post","type-post","status-publish","format-standard","hentry","category-cultura"],"_links":{"self":[{"href":"https:\/\/diariodominicano.com\/index.php?rest_route=\/wp\/v2\/posts\/66179","targetHints":{"allow":["GET"]}}],"collection":[{"href":"https:\/\/diariodominicano.com\/index.php?rest_route=\/wp\/v2\/posts"}],"about":[{"href":"https:\/\/diariodominicano.com\/index.php?rest_route=\/wp\/v2\/types\/post"}],"author":[{"embeddable":true,"href":"https:\/\/diariodominicano.com\/index.php?rest_route=\/wp\/v2\/users\/3"}],"replies":[{"embeddable":true,"href":"https:\/\/diariodominicano.com\/index.php?rest_route=%2Fwp%2Fv2%2Fcomments&post=66179"}],"version-history":[{"count":0,"href":"https:\/\/diariodominicano.com\/index.php?rest_route=\/wp\/v2\/posts\/66179\/revisions"}],"wp:attachment":[{"href":"https:\/\/diariodominicano.com\/index.php?rest_route=%2Fwp%2Fv2%2Fmedia&parent=66179"}],"wp:term":[{"taxonomy":"category","embeddable":true,"href":"https:\/\/diariodominicano.com\/index.php?rest_route=%2Fwp%2Fv2%2Fcategories&post=66179"},{"taxonomy":"post_tag","embeddable":true,"href":"https:\/\/diariodominicano.com\/index.php?rest_route=%2Fwp%2Fv2%2Ftags&post=66179"}],"curies":[{"name":"wp","href":"https:\/\/api.w.org\/{rel}","templated":true}]}}