{"id":66178,"date":"2012-02-28T20:28:59","date_gmt":"2012-02-28T20:28:59","guid":{"rendered":"http:\/\/diariodominicano.ddns.net\/?p=66178"},"modified":"2012-02-28T20:28:59","modified_gmt":"2012-02-28T20:28:59","slug":"cultura-clausuro-exitoso-seminario-sobre-critica-literaria","status":"publish","type":"post","link":"https:\/\/diariodominicano.com\/?p=66178","title":{"rendered":"Cultura clausur\u00f3 exitoso  Seminario sobre Cr\u00edtica Literaria"},"content":{"rendered":"<p><body><\/p>\n<p><img decoding=\"async\" src=\"img3\/seminario.JPG\" \/><br \/><img decoding=\"async\" src=\"http:\/\/localhost:8080\/img3\/publico.JPG\" \/>  <\/p>\n<p><span class=\"text1noticias\">Rep.Dom, 28 de Febrero.- El Primer Seminario sobre la Cr\u00edtica Literaria en la Rep\u00fablica Dominicana, organizado por el Ministerio de Cultura, se celebr\u00f3 el pasado fin de semana, en el Hotel Intercontinental de Santo Domingo.<\/span><\/p>\n<\/p>\n<p><span class=\"text1noticias\">Un total de 20 escritores y cr\u00edticos, del pa\u00eds y del exterior, expusieron distintos aspectos de la Cr\u00edtica Literaria en Rep\u00fablica Dominicana, con la presencia de 160 participantes, entre escritores, profesores e intelectuales dominicanos.<\/span><\/p>\n<\/p>\n<p><span class=\"text1noticias\">El Director de Gesti\u00f3n Literaria, Basilio Belliard, quien coordin\u00f3 el exitoso seminario, dijo que \u00abeste encuentro marca un nuevo punto de partida para el trabajo de proyecci\u00f3n y an\u00e1lisis cr\u00edtico del quehacer literario nacional\u00bb.<\/span><\/p>\n<\/p>\n<p><span class=\"text1noticias\">Durante dos d\u00edas, importantes figuras del quehacer cr\u00edtico nacional expusieron diferentes aspectos del tema: de Rep\u00fablica Dominicana participaron: Di\u00f3genes C\u00e9spedes, Manuel Matos Moquete, Bruno Rosario Candelier, Jos\u00e9 Enrique Garc\u00eda, Odal\u00eds P\u00e9rez, Manuel N\u00fa\u00f1ez, Manuel Garc\u00eda Cartagena, Andr\u00e9s L. Mateo, Fernando Cabrera, Pura Emeterio Rond\u00f3n, entre otros.<\/span><\/p>\n<\/p>\n<p><span class=\"text1noticias\">Adem\u00e1s de la participaci\u00f3n internacional de las expertas en literatura dominicana, Rita de Maesenner, de B\u00e9lgica; la argentina Ester Gimbernat, desde Denver, Estados Unidos; y la tambi\u00e9n argentina Nina Bruni, procedente de Trinidad-Tobago.<\/span><\/p>\n<\/p>\n<p><span class=\"text1noticias\">Igualmente, los escritores dominicanos establecidos en Estados Unidos, Miguel An\u00edbal Perdomo, as\u00ed como desde Puerto Rico, Eugenio Garc\u00eda Cuevas y Miguel \u00c1ngel Forner\u00edn.<\/span><\/p>\n<\/p>\n<\/p>\n<h6> 2012-02-28 20:28:59 <\/h6>\n<p><!--\n<link rel=\"stylesheet\" href=\"css\/bootstrap.min.css\">\n\n\n<ul class=\"pagination\">\n\t    \n\t\n\n<li >\n\t<a href='?page_no=17855'>Previous<\/a>\n\t<\/li>\n\n\n       \n    \n\n<li><a href='?page_no=1'>1<\/a><\/li>\n\n\n\n<li><a href='?page_no=2'>2<\/a><\/li>\n\n\n\n<li><a>...<\/a><\/li>\n\n\n\n<li><a href='?page_no=17854'>17854<\/a><\/li>\n\n\n\n<li><a href='?page_no=17855'>17855<\/a><\/li>\n\n\n\n<li class='active'><a>17856<\/a><\/li>\n\n\n\n<li><a href='?page_no=17857'>17857<\/a><\/li>\n\n\n\n<li><a href='?page_no=17858'>17858<\/a><\/li>\n\n\n\n<li><a>...<\/a><\/li>\n\n\n\n<li><a href='?page_no=22911'>22911<\/a><\/li>\n\n\n\n<li><a href='?page_no=22912'>22912<\/a><\/li>\n\n    \n\t\n\n<li >\n\t<a href='?page_no=17857'>Next<\/a>\n\t<\/li>\n\n\n    \n\n<li><a href='?page_no=22912'>Last &rsaquo;&rsaquo;<\/a><\/li>\n\n<\/ul>\n\n\n--><br \/>\n<\/body><\/p>\n","protected":false},"excerpt":{"rendered":"<p>Rep.Dom, 28 de Febrero.- El Primer Seminario sobre la Cr\u00edtica Literaria en la Rep\u00fablica Dominicana, organizado por el Ministerio de Cultura, se celebr\u00f3 el pasado fin de semana, en el Hotel Intercontinental de Santo Domingo. Un total de 20 escritores y cr\u00edticos, del pa\u00eds y del exterior, expusieron distintos aspectos de la Cr\u00edtica Literaria en [&hellip;]<\/p>\n","protected":false},"author":3,"featured_media":0,"comment_status":"open","ping_status":"open","sticky":false,"template":"","format":"standard","meta":{"footnotes":""},"categories":[21],"tags":[],"class_list":["post-66178","post","type-post","status-publish","format-standard","hentry","category-cultura"],"_links":{"self":[{"href":"https:\/\/diariodominicano.com\/index.php?rest_route=\/wp\/v2\/posts\/66178","targetHints":{"allow":["GET"]}}],"collection":[{"href":"https:\/\/diariodominicano.com\/index.php?rest_route=\/wp\/v2\/posts"}],"about":[{"href":"https:\/\/diariodominicano.com\/index.php?rest_route=\/wp\/v2\/types\/post"}],"author":[{"embeddable":true,"href":"https:\/\/diariodominicano.com\/index.php?rest_route=\/wp\/v2\/users\/3"}],"replies":[{"embeddable":true,"href":"https:\/\/diariodominicano.com\/index.php?rest_route=%2Fwp%2Fv2%2Fcomments&post=66178"}],"version-history":[{"count":0,"href":"https:\/\/diariodominicano.com\/index.php?rest_route=\/wp\/v2\/posts\/66178\/revisions"}],"wp:attachment":[{"href":"https:\/\/diariodominicano.com\/index.php?rest_route=%2Fwp%2Fv2%2Fmedia&parent=66178"}],"wp:term":[{"taxonomy":"category","embeddable":true,"href":"https:\/\/diariodominicano.com\/index.php?rest_route=%2Fwp%2Fv2%2Fcategories&post=66178"},{"taxonomy":"post_tag","embeddable":true,"href":"https:\/\/diariodominicano.com\/index.php?rest_route=%2Fwp%2Fv2%2Ftags&post=66178"}],"curies":[{"name":"wp","href":"https:\/\/api.w.org\/{rel}","templated":true}]}}