{"id":66176,"date":"2012-02-29T14:14:49","date_gmt":"2012-02-29T14:14:49","guid":{"rendered":"http:\/\/diariodominicano.ddns.net\/?p=66176"},"modified":"2012-02-29T14:14:49","modified_gmt":"2012-02-29T14:14:49","slug":"recibira-correa-doctorado-honoris-causa-de-universidad-peruana","status":"publish","type":"post","link":"https:\/\/diariodominicano.com\/?p=66176","title":{"rendered":"Recibir\u00e1 Correa doctorado Honoris Causa de universidad peruana"},"content":{"rendered":"<p><body><\/p>\n<p><img decoding=\"async\" src=\"img3\/Correa Raf 292.jpg\" \/>  <\/p>\n<p><span class=\"text1noticias\">Quito, 29 feb (PL).-  El presidente ecuatoriano, Rafael Correa, recibir\u00e1 hoy el doctorado Honoris Causa por la Universidad Particular de Chiclayo, Per\u00fa, en el marco de su visita a esa ciudad para el Gabinete Binacional entre ambos pa\u00edses vecinos.<\/span><\/p>\n<\/p>\n<p><span class=\"text1noticias\">Seg\u00fan inform\u00f3 el embajador de Ecuador en Lima, Diego Ribadeneira, la ceremonia se realizar\u00e1 este mi\u00e9rcoles y luego de la investidura, Correa brindar\u00e1 una conferencia magistral, dirigida especialmente a los futuros profesionales de esa universidad.<\/span><\/p>\n<\/p>\n<p><span class=\"text1noticias\">En diciembre de 2010, el mandatario ecuatoriano recibi\u00f3 una distinci\u00f3n similar de la Universidad de Buenos Aires (UBA).<\/span><\/p>\n<\/p>\n<p><span class=\"text1noticias\">El 23 de mayo de 2010, la Universidad Aut\u00f3noma de Santo Domingo (UASD) convoc\u00f3 a profesores, estudiantes y empleados representados en los organismos de cogobierno para conocer el otorgamiento del t\u00edtulo de Doctor Honoris Causa al presidente de Ecuador.<\/span><\/p>\n<\/p>\n<p><span class=\"text1noticias\">El 30 de octubre de 2009, Correa recibi\u00f3 el t\u00edtulo de Doctor Honoris Causa de la Universidad Estatal de Relaciones Internacionales del Ministerio de Relaciones Exteriores de Rusia.<\/span><\/p>\n<\/p>\n<p><span class=\"text1noticias\">El 24 de marzo de 2009, la Universidad Nacional de Asunci\u00f3n, Paraguay, tambi\u00e9n otorg\u00f3 el reconocimiento Honoris Causa al gobernante ecuatoriano.<\/span><\/p>\n<\/p>\n<p><span class=\"text1noticias\">En abril 2010, la Universidad de Illinois (Estados Unidos) entreg\u00f3 a Correa el Logro Excepcional Acad\u00e9mico 2009, premios anual para reconocer a un alumno internacional que ha ayudado a su pa\u00eds o al mundo a trav\u00e9s de sus contribuciones a la humanidad, a la ciencia, al arte o al bienestar social.<\/span><\/p>\n<\/p>\n<p><span class=\"text1noticias\">A cinco a\u00f1os de gobierno, la gesti\u00f3n del presidente ecuatoriano, Rafael Correa, registra el 80,5 por ciento de calificaci\u00f3n positiva, seg\u00fan una encuesta realizada por la firma Perfiles de Opini\u00f3n<\/span>.<\/p>\n<h6> 2012-02-29 14:14:49 <\/h6>\n<p><!--\n<link rel=\"stylesheet\" href=\"css\/bootstrap.min.css\">\n\n\n<ul class=\"pagination\">\n\t    \n\t\n\n<li >\n\t<a href='?page_no=17853'>Previous<\/a>\n\t<\/li>\n\n\n       \n    \n\n<li><a href='?page_no=1'>1<\/a><\/li>\n\n\n\n<li><a href='?page_no=2'>2<\/a><\/li>\n\n\n\n<li><a>...<\/a><\/li>\n\n\n\n<li><a href='?page_no=17852'>17852<\/a><\/li>\n\n\n\n<li><a href='?page_no=17853'>17853<\/a><\/li>\n\n\n\n<li class='active'><a>17854<\/a><\/li>\n\n\n\n<li><a href='?page_no=17855'>17855<\/a><\/li>\n\n\n\n<li><a href='?page_no=17856'>17856<\/a><\/li>\n\n\n\n<li><a>...<\/a><\/li>\n\n\n\n<li><a href='?page_no=22911'>22911<\/a><\/li>\n\n\n\n<li><a href='?page_no=22912'>22912<\/a><\/li>\n\n    \n\t\n\n<li >\n\t<a href='?page_no=17855'>Next<\/a>\n\t<\/li>\n\n\n    \n\n<li><a href='?page_no=22912'>Last &rsaquo;&rsaquo;<\/a><\/li>\n\n<\/ul>\n\n\n--><br \/>\n<\/body><\/p>\n","protected":false},"excerpt":{"rendered":"<p>Quito, 29 feb (PL).- El presidente ecuatoriano, Rafael Correa, recibir\u00e1 hoy el doctorado Honoris Causa por la Universidad Particular de Chiclayo, Per\u00fa, en el marco de su visita a esa ciudad para el Gabinete Binacional entre ambos pa\u00edses vecinos. Seg\u00fan inform\u00f3 el embajador de Ecuador en Lima, Diego Ribadeneira, la ceremonia se realizar\u00e1 este mi\u00e9rcoles [&hellip;]<\/p>\n","protected":false},"author":3,"featured_media":0,"comment_status":"open","ping_status":"open","sticky":false,"template":"","format":"standard","meta":{"footnotes":""},"categories":[21],"tags":[],"class_list":["post-66176","post","type-post","status-publish","format-standard","hentry","category-cultura"],"_links":{"self":[{"href":"https:\/\/diariodominicano.com\/index.php?rest_route=\/wp\/v2\/posts\/66176","targetHints":{"allow":["GET"]}}],"collection":[{"href":"https:\/\/diariodominicano.com\/index.php?rest_route=\/wp\/v2\/posts"}],"about":[{"href":"https:\/\/diariodominicano.com\/index.php?rest_route=\/wp\/v2\/types\/post"}],"author":[{"embeddable":true,"href":"https:\/\/diariodominicano.com\/index.php?rest_route=\/wp\/v2\/users\/3"}],"replies":[{"embeddable":true,"href":"https:\/\/diariodominicano.com\/index.php?rest_route=%2Fwp%2Fv2%2Fcomments&post=66176"}],"version-history":[{"count":0,"href":"https:\/\/diariodominicano.com\/index.php?rest_route=\/wp\/v2\/posts\/66176\/revisions"}],"wp:attachment":[{"href":"https:\/\/diariodominicano.com\/index.php?rest_route=%2Fwp%2Fv2%2Fmedia&parent=66176"}],"wp:term":[{"taxonomy":"category","embeddable":true,"href":"https:\/\/diariodominicano.com\/index.php?rest_route=%2Fwp%2Fv2%2Fcategories&post=66176"},{"taxonomy":"post_tag","embeddable":true,"href":"https:\/\/diariodominicano.com\/index.php?rest_route=%2Fwp%2Fv2%2Ftags&post=66176"}],"curies":[{"name":"wp","href":"https:\/\/api.w.org\/{rel}","templated":true}]}}