{"id":66175,"date":"2012-02-29T16:04:05","date_gmt":"2012-02-29T16:04:05","guid":{"rendered":"http:\/\/diariodominicano.ddns.net\/?p=66175"},"modified":"2012-02-29T16:04:05","modified_gmt":"2012-02-29T16:04:05","slug":"embajada-de-rd-en-haiti-dara-concierto","status":"publish","type":"post","link":"https:\/\/diariodominicano.com\/?p=66175","title":{"rendered":"Embajada de RD en Hait\u00ed dar\u00e1 concierto"},"content":{"rendered":"<p><body><\/p>\n<p><span class=\"text1noticias\">Santo Domingo, RD 29 febrero.- Con la participaci\u00f3n de una selecci\u00f3n de j\u00f3venes m\u00fasicos integrantes de la Orquesta Sinf\u00f3nica Nacional ser\u00e1 celebrado esta noche un concierto en la sede de la Embajada de Rep\u00fablica Dominicana en Puerto Pr\u00edncipe, Hait\u00ed.<\/span><\/p>\n<p><span class=\"text1noticias\"> <\/span><\/p>\n<p><span class=\"text1noticias\">\u00abFue una invitaci\u00f3n especial del embajador Rub\u00e9n Sili\u00e9\u00bb, declar\u00f3 el maestro Jos\u00e9 Antonio Molina, director titular de la OSN al hablar de las razones que motivaron la realizaci\u00f3n de esta actividad.<\/span><\/p>\n<p><span class=\"text1noticias\"> <\/span><\/p>\n<p><span class=\"text1noticias\">Molina dirigir\u00e1 la agrupaci\u00f3n en un espect\u00e1culo en el que participar\u00e1 tambi\u00e9n Maridalia Hern\u00e1ndez.<\/span><\/p>\n<p><span class=\"text1noticias\"> <\/span><\/p>\n<p><span class=\"text1noticias\">La cantante interpretar\u00e1, acompa\u00f1ada por la orquesta, \u00abB\u00e9same mucho\u00bb, \u00abAve Mar\u00eda\u00bb y \u00abCuando te beso\u00bb, todos con arreglos del propio Molina.<\/span><\/p>\n<p><span class=\"text1noticias\"> <\/span><\/p>\n<p><span class=\"text1noticias\">Este evento supone el primer acto que se celebra en la sede del gobierno dominicano en Hait\u00ed, desde que fuera restaurada el pasado mes de enero, con la presencia del presidente Leonel Fern\u00e1ndez.<\/span><\/p>\n<p><span class=\"text1noticias\"> <\/span><\/p>\n<p><span class=\"text1noticias\">Junto al grupo de j\u00f3venes m\u00fasicos, tocar\u00e1n Luis Augusto Mart\u00ednez, Zvezdana Radojkovic, Alberto Luis Iznaga y Beckyrene P\u00e9rez. cuatro instructores integrantes de la OSN.<\/span><\/p>\n<p><span class=\"text1noticias\"> <\/span><\/p>\n<p><span class=\"text1noticias\">Molina explic\u00f3 a LIST\u00cdN DIARIO que como una manera de honrar la memoria de las v\u00edctimas del terremoto ocurrido en enero de 2010, ser\u00e1 interpretado el \u00abAdagio\u00bb del compositor norteamericano Samuel Barber<\/span>.<\/p>\n<\/p>\n<\/p>\n<\/p>\n<h6> 2012-02-29 16:04:05 <\/h6>\n<p><!--\n<link rel=\"stylesheet\" href=\"css\/bootstrap.min.css\">\n\n\n<ul class=\"pagination\">\n\t    \n\t\n\n<li >\n\t<a href='?page_no=17852'>Previous<\/a>\n\t<\/li>\n\n\n       \n    \n\n<li><a href='?page_no=1'>1<\/a><\/li>\n\n\n\n<li><a href='?page_no=2'>2<\/a><\/li>\n\n\n\n<li><a>...<\/a><\/li>\n\n\n\n<li><a href='?page_no=17851'>17851<\/a><\/li>\n\n\n\n<li><a href='?page_no=17852'>17852<\/a><\/li>\n\n\n\n<li class='active'><a>17853<\/a><\/li>\n\n\n\n<li><a href='?page_no=17854'>17854<\/a><\/li>\n\n\n\n<li><a href='?page_no=17855'>17855<\/a><\/li>\n\n\n\n<li><a>...<\/a><\/li>\n\n\n\n<li><a href='?page_no=22911'>22911<\/a><\/li>\n\n\n\n<li><a href='?page_no=22912'>22912<\/a><\/li>\n\n    \n\t\n\n<li >\n\t<a href='?page_no=17854'>Next<\/a>\n\t<\/li>\n\n\n    \n\n<li><a href='?page_no=22912'>Last &rsaquo;&rsaquo;<\/a><\/li>\n\n<\/ul>\n\n\n--><br \/>\n<\/body><\/p>\n","protected":false},"excerpt":{"rendered":"<p>Santo Domingo, RD 29 febrero.- Con la participaci\u00f3n de una selecci\u00f3n de j\u00f3venes m\u00fasicos integrantes de la Orquesta Sinf\u00f3nica Nacional ser\u00e1 celebrado esta noche un concierto en la sede de la Embajada de Rep\u00fablica Dominicana en Puerto Pr\u00edncipe, Hait\u00ed. \u00abFue una invitaci\u00f3n especial del embajador Rub\u00e9n Sili\u00e9\u00bb, declar\u00f3 el maestro Jos\u00e9 Antonio Molina, director titular [&hellip;]<\/p>\n","protected":false},"author":3,"featured_media":0,"comment_status":"open","ping_status":"open","sticky":false,"template":"","format":"standard","meta":{"footnotes":""},"categories":[21],"tags":[],"class_list":["post-66175","post","type-post","status-publish","format-standard","hentry","category-cultura"],"_links":{"self":[{"href":"https:\/\/diariodominicano.com\/index.php?rest_route=\/wp\/v2\/posts\/66175","targetHints":{"allow":["GET"]}}],"collection":[{"href":"https:\/\/diariodominicano.com\/index.php?rest_route=\/wp\/v2\/posts"}],"about":[{"href":"https:\/\/diariodominicano.com\/index.php?rest_route=\/wp\/v2\/types\/post"}],"author":[{"embeddable":true,"href":"https:\/\/diariodominicano.com\/index.php?rest_route=\/wp\/v2\/users\/3"}],"replies":[{"embeddable":true,"href":"https:\/\/diariodominicano.com\/index.php?rest_route=%2Fwp%2Fv2%2Fcomments&post=66175"}],"version-history":[{"count":0,"href":"https:\/\/diariodominicano.com\/index.php?rest_route=\/wp\/v2\/posts\/66175\/revisions"}],"wp:attachment":[{"href":"https:\/\/diariodominicano.com\/index.php?rest_route=%2Fwp%2Fv2%2Fmedia&parent=66175"}],"wp:term":[{"taxonomy":"category","embeddable":true,"href":"https:\/\/diariodominicano.com\/index.php?rest_route=%2Fwp%2Fv2%2Fcategories&post=66175"},{"taxonomy":"post_tag","embeddable":true,"href":"https:\/\/diariodominicano.com\/index.php?rest_route=%2Fwp%2Fv2%2Ftags&post=66175"}],"curies":[{"name":"wp","href":"https:\/\/api.w.org\/{rel}","templated":true}]}}