{"id":66174,"date":"2012-02-29T16:07:28","date_gmt":"2012-02-29T16:07:28","guid":{"rendered":"http:\/\/diariodominicano.ddns.net\/?p=66174"},"modified":"2012-02-29T16:07:28","modified_gmt":"2012-02-29T16:07:28","slug":"cannes-se-rendira-a-marilyn-monroe","status":"publish","type":"post","link":"https:\/\/diariodominicano.com\/?p=66174","title":{"rendered":"Cannes se rendir\u00e1 a Marilyn Monroe"},"content":{"rendered":"<p><body><\/p>\n<p><span class=\"text1noticias\">Par\u00eds, Francia, 29 febrero.- Marilyn Monroe ser\u00e1 la imagen de la pr\u00f3xima edici\u00f3n del Festival de Cannes, que en su 65.a edici\u00f3n quiere as\u00ed rendir homenaje a la int\u00e9rprete fallecida hace medio siglo, informaron los organizadores.<\/span><\/p>\n<p><span class=\"text1noticias\"> <\/span><\/p>\n<p><span class=\"text1noticias\">En el cartel del certamen, que se celebrar\u00e1 en la Costa Azul francesa del 16 al 27 de mayo pr\u00f3ximos, Marilyn aparece en una foto en blanco y negro, soplando la vela de  una tarta dentro de una limusina.<\/span><\/p>\n<p><span class=\"text1noticias\"> <\/span><\/p>\n<p><span class=\"text1noticias\">Se trata de una foto tomada por Otto L. Bettmann, agreg\u00f3 el certamen en un comunicado, en el que precis\u00f3 que la actriz \u00abcelebra un cumplea\u00f1os que puede ser el de Cannes\u00bb.<\/span><\/p>\n<p><span class=\"text1noticias\"> <\/span><\/p>\n<p><span class=\"text1noticias\">\u00abNos embruja con un gesto que promete, un soplo en forma de beso\u00bb, agreg\u00f3 la nota.<\/span><\/p>\n<p><span class=\"text1noticias\"> <\/span><\/p>\n<p><span class=\"text1noticias\">Defini\u00f3 la fotograf\u00eda como \u00abla perfecta encarnaci\u00f3n del glamur y el festival que le sirve de templo, figura de un ideal de simplicidad y elegancia\u00bb.<\/span><\/p>\n<p><span class=\"text1noticias\"> <\/span><\/p>\n<p><span class=\"text1noticias\">\u00abCincuenta a\u00f1os despu\u00e9s de su desaparici\u00f3n, Marilyn sigue siendo una de las figuras m\u00e1s importantes del cine mundial, referencia eterna y decididamente contempor\u00e1nea de la gracia, el misterio y la seducci\u00f3n\u00bb, agreg\u00f3.<\/span><\/p>\n<p><span class=\"text1noticias\"> <\/span><\/p>\n<p><span class=\"text1noticias\">Los organizadores se\u00f1alaron que la actriz \u00abdespertaba la imaginaci\u00f3n en cada una de sus apariciones\u00bb.<\/span><\/p>\n<p><span class=\"text1noticias\"> <\/span><\/p>\n<p><span class=\"text1noticias\">En la foto seleccionada, indican los organizadores, Marylin fue sorprendida \u00aben un momento de intimidad en el que la mitolog\u00eda se une a la realidad\u00bb<\/span>.<\/p>\n<h6> 2012-02-29 16:07:28 <\/h6>\n<p><!--\n<link rel=\"stylesheet\" href=\"css\/bootstrap.min.css\">\n\n\n<ul class=\"pagination\">\n\t    \n\t\n\n<li >\n\t<a href='?page_no=17851'>Previous<\/a>\n\t<\/li>\n\n\n       \n    \n\n<li><a href='?page_no=1'>1<\/a><\/li>\n\n\n\n<li><a href='?page_no=2'>2<\/a><\/li>\n\n\n\n<li><a>...<\/a><\/li>\n\n\n\n<li><a href='?page_no=17850'>17850<\/a><\/li>\n\n\n\n<li><a href='?page_no=17851'>17851<\/a><\/li>\n\n\n\n<li class='active'><a>17852<\/a><\/li>\n\n\n\n<li><a href='?page_no=17853'>17853<\/a><\/li>\n\n\n\n<li><a href='?page_no=17854'>17854<\/a><\/li>\n\n\n\n<li><a>...<\/a><\/li>\n\n\n\n<li><a href='?page_no=22911'>22911<\/a><\/li>\n\n\n\n<li><a href='?page_no=22912'>22912<\/a><\/li>\n\n    \n\t\n\n<li >\n\t<a href='?page_no=17853'>Next<\/a>\n\t<\/li>\n\n\n    \n\n<li><a href='?page_no=22912'>Last &rsaquo;&rsaquo;<\/a><\/li>\n\n<\/ul>\n\n\n--><br \/>\n<\/body><\/p>\n","protected":false},"excerpt":{"rendered":"<p>Par\u00eds, Francia, 29 febrero.- Marilyn Monroe ser\u00e1 la imagen de la pr\u00f3xima edici\u00f3n del Festival de Cannes, que en su 65.a edici\u00f3n quiere as\u00ed rendir homenaje a la int\u00e9rprete fallecida hace medio siglo, informaron los organizadores. En el cartel del certamen, que se celebrar\u00e1 en la Costa Azul francesa del 16 al 27 de mayo [&hellip;]<\/p>\n","protected":false},"author":3,"featured_media":0,"comment_status":"open","ping_status":"open","sticky":false,"template":"","format":"standard","meta":{"footnotes":""},"categories":[21],"tags":[],"class_list":["post-66174","post","type-post","status-publish","format-standard","hentry","category-cultura"],"_links":{"self":[{"href":"https:\/\/diariodominicano.com\/index.php?rest_route=\/wp\/v2\/posts\/66174","targetHints":{"allow":["GET"]}}],"collection":[{"href":"https:\/\/diariodominicano.com\/index.php?rest_route=\/wp\/v2\/posts"}],"about":[{"href":"https:\/\/diariodominicano.com\/index.php?rest_route=\/wp\/v2\/types\/post"}],"author":[{"embeddable":true,"href":"https:\/\/diariodominicano.com\/index.php?rest_route=\/wp\/v2\/users\/3"}],"replies":[{"embeddable":true,"href":"https:\/\/diariodominicano.com\/index.php?rest_route=%2Fwp%2Fv2%2Fcomments&post=66174"}],"version-history":[{"count":0,"href":"https:\/\/diariodominicano.com\/index.php?rest_route=\/wp\/v2\/posts\/66174\/revisions"}],"wp:attachment":[{"href":"https:\/\/diariodominicano.com\/index.php?rest_route=%2Fwp%2Fv2%2Fmedia&parent=66174"}],"wp:term":[{"taxonomy":"category","embeddable":true,"href":"https:\/\/diariodominicano.com\/index.php?rest_route=%2Fwp%2Fv2%2Fcategories&post=66174"},{"taxonomy":"post_tag","embeddable":true,"href":"https:\/\/diariodominicano.com\/index.php?rest_route=%2Fwp%2Fv2%2Ftags&post=66174"}],"curies":[{"name":"wp","href":"https:\/\/api.w.org\/{rel}","templated":true}]}}