{"id":66173,"date":"2012-02-29T18:42:05","date_gmt":"2012-02-29T18:42:05","guid":{"rendered":"http:\/\/diariodominicano.ddns.net\/?p=66173"},"modified":"2012-02-29T18:42:05","modified_gmt":"2012-02-29T18:42:05","slug":"escuela-yaque-celebra-dia-de-la-independencia","status":"publish","type":"post","link":"https:\/\/diariodominicano.com\/?p=66173","title":{"rendered":"Escuela Yaque celebra Dia de la Independencia"},"content":{"rendered":"<p><body><\/p>\n<p><img decoding=\"async\" src=\"img3\/yaqueindependencia.JPG\" \/>  <\/p>\n<p><span class=\"text1noticias\">Rep.Dom, 29 de Febrero.- La primera entidad en formaci\u00f3n t\u00e9cnica, en ocasi\u00f3n del D\u00eda de la Independencia Nacional, realiz\u00f3 una actividad denominada \u00abBandereo Patrio\u00bb, en el que se socializ\u00f3 las diferentes actividades del mes de la Patria.<\/span><\/p>\n<p><span class=\"text1noticias\"> <\/span><\/p>\n<p><span class=\"text1noticias\">En los distintos cursos que se ofrece en el centro educativo, como Corte y Confecci\u00f3n, Belleza, Cocina, Reposter\u00eda, Inform\u00e1tica y  Arte Floral, entre otros, se trat\u00f3 el tema de la Independencia Nacional en su 168 aniversario, el d\u00eda de la Bandera y los natalicios de los padres de la patria, Juan Pablo Duarte, Mat\u00edas Ram\u00f3n Mella y Francisco del Rosario S\u00e1nchez.<\/span><\/p>\n<p><span class=\"text1noticias\"> <\/span><\/p>\n<p><span class=\"text1noticias\">Las profesoras Mar\u00eda Luisa Rosario, Johanny Domenech, Miosostis Santana, William Ozoria y las directivas Mar\u00eda Isabel Pe\u00f1a y D\u00e1maris Ramos, hablaron a los estudiantes sobre la importancia de la dominicanidad y de los s\u00edmbolos patrios.<\/span><\/p>\n<p><span class=\"text1noticias\"> <\/span><\/p>\n<p><span class=\"text1noticias\">En los encuentros que se realizaron en las diferentes aulas de la escuela que arriba a su 5O a\u00f1os de existencia, se entregaron banderitas dominicanas, las cuales fueron obsequiadas por la empresa Claro.<\/span><\/p>\n<p><span class=\"text1noticias\"> <\/span><\/p>\n<p><span class=\"text1noticias\">Durante toda la charla sobre la Independencia Nacional, se destacaron sus protagonistas y se resalt\u00f3 el valor de defender la patria dominicana como un gran tributo a los patricios y la soberan\u00eda del pa\u00eds.<\/span>\/\/<\/p>\n<\/p>\n<h6> 2012-02-29 18:42:05 <\/h6>\n<p><!--\n<link rel=\"stylesheet\" href=\"css\/bootstrap.min.css\">\n\n\n<ul class=\"pagination\">\n\t    \n\t\n\n<li >\n\t<a href='?page_no=17850'>Previous<\/a>\n\t<\/li>\n\n\n       \n    \n\n<li><a href='?page_no=1'>1<\/a><\/li>\n\n\n\n<li><a href='?page_no=2'>2<\/a><\/li>\n\n\n\n<li><a>...<\/a><\/li>\n\n\n\n<li><a href='?page_no=17849'>17849<\/a><\/li>\n\n\n\n<li><a href='?page_no=17850'>17850<\/a><\/li>\n\n\n\n<li class='active'><a>17851<\/a><\/li>\n\n\n\n<li><a href='?page_no=17852'>17852<\/a><\/li>\n\n\n\n<li><a href='?page_no=17853'>17853<\/a><\/li>\n\n\n\n<li><a>...<\/a><\/li>\n\n\n\n<li><a href='?page_no=22911'>22911<\/a><\/li>\n\n\n\n<li><a href='?page_no=22912'>22912<\/a><\/li>\n\n    \n\t\n\n<li >\n\t<a href='?page_no=17852'>Next<\/a>\n\t<\/li>\n\n\n    \n\n<li><a href='?page_no=22912'>Last &rsaquo;&rsaquo;<\/a><\/li>\n\n<\/ul>\n\n\n--><br \/>\n<\/body><\/p>\n","protected":false},"excerpt":{"rendered":"<p>Rep.Dom, 29 de Febrero.- La primera entidad en formaci\u00f3n t\u00e9cnica, en ocasi\u00f3n del D\u00eda de la Independencia Nacional, realiz\u00f3 una actividad denominada \u00abBandereo Patrio\u00bb, en el que se socializ\u00f3 las diferentes actividades del mes de la Patria. En los distintos cursos que se ofrece en el centro educativo, como Corte y Confecci\u00f3n, Belleza, Cocina, Reposter\u00eda, [&hellip;]<\/p>\n","protected":false},"author":3,"featured_media":0,"comment_status":"open","ping_status":"open","sticky":false,"template":"","format":"standard","meta":{"footnotes":""},"categories":[21],"tags":[],"class_list":["post-66173","post","type-post","status-publish","format-standard","hentry","category-cultura"],"_links":{"self":[{"href":"https:\/\/diariodominicano.com\/index.php?rest_route=\/wp\/v2\/posts\/66173","targetHints":{"allow":["GET"]}}],"collection":[{"href":"https:\/\/diariodominicano.com\/index.php?rest_route=\/wp\/v2\/posts"}],"about":[{"href":"https:\/\/diariodominicano.com\/index.php?rest_route=\/wp\/v2\/types\/post"}],"author":[{"embeddable":true,"href":"https:\/\/diariodominicano.com\/index.php?rest_route=\/wp\/v2\/users\/3"}],"replies":[{"embeddable":true,"href":"https:\/\/diariodominicano.com\/index.php?rest_route=%2Fwp%2Fv2%2Fcomments&post=66173"}],"version-history":[{"count":0,"href":"https:\/\/diariodominicano.com\/index.php?rest_route=\/wp\/v2\/posts\/66173\/revisions"}],"wp:attachment":[{"href":"https:\/\/diariodominicano.com\/index.php?rest_route=%2Fwp%2Fv2%2Fmedia&parent=66173"}],"wp:term":[{"taxonomy":"category","embeddable":true,"href":"https:\/\/diariodominicano.com\/index.php?rest_route=%2Fwp%2Fv2%2Fcategories&post=66173"},{"taxonomy":"post_tag","embeddable":true,"href":"https:\/\/diariodominicano.com\/index.php?rest_route=%2Fwp%2Fv2%2Ftags&post=66173"}],"curies":[{"name":"wp","href":"https:\/\/api.w.org\/{rel}","templated":true}]}}