{"id":66172,"date":"2012-02-29T19:30:31","date_gmt":"2012-02-29T19:30:31","guid":{"rendered":"http:\/\/diariodominicano.ddns.net\/?p=66172"},"modified":"2012-02-29T19:30:31","modified_gmt":"2012-02-29T19:30:31","slug":"sinfonica-nacional-ofrecera-concierto-obertura-1812-en-fortaleza-santo-domingo","status":"publish","type":"post","link":"https:\/\/diariodominicano.com\/?p=66172","title":{"rendered":"Sinf\u00f3nica Nacional ofrecer\u00e1 concierto \u00abObertura 1812\u00bb en Fortaleza Santo Domingo"},"content":{"rendered":"<p><body><\/p>\n<p><img decoding=\"async\" src=\"http:\/\/localhost:8080\/img3\/Orquesta%20Sinf%C3%83%C2%B3nica%20Nacional.jpg\" \/>  <\/p>\n<p><span class=\"text1noticias\">La actividad cuenta con la participaci\u00f3n de un desfile de cadetes y artiller\u00eda y se realizar\u00e1 en conmemoraci\u00f3n al 168 Aniversario de la Independencia Nacional<\/span><\/p>\n<\/p>\n<p><span class=\"text1noticias\">Rep.Dom, 29 de Febrero.- El Ministerio de Cultura presentar\u00e1, el pr\u00f3ximo mi\u00e9rcoles 14 de marzo, el \u00abGran Espect\u00e1culo Sinf\u00f3nico Obertura 1812\u00bb, del inmortal compositor ruso Peter Ilich Tchaikovsky, en conmemoraci\u00f3n al 168 Aniversario de nuestra Independencia Nacional.<\/span><\/p>\n<\/p>\n<p><span class=\"text1noticias\">La Orquesta Sinf\u00f3nica Nacional, dirigida por el Maestro Jos\u00e9 Antonio Molina, y la Orquesta Dominicana de Vientos interpretar\u00e1n las piezas: \u00abFanfarria para un hombre com\u00fan\u00bb de A. Copland, \u00abObertura Festiva\u00bb de D. Shostak\u00f3vich, \u00abBolero\u00bb de M. Ravel, y \u00abObertura 1812\u00bb, de P.I Tchaikovsky. El concierto es gratuito y se realizar\u00e1 en la Fortaleza de Santo Domingo a las 8:30 de la noche.<\/span><\/p>\n<\/p>\n<p><span class=\"text1noticias\">Durante la funci\u00f3n tambi\u00e9n se presentar\u00e1n un desfile de cadetes  y una bater\u00eda de artiller\u00eda de campa\u00f1a junto a un espect\u00e1culo de fuegos artificiales.<\/span><\/p>\n<\/p>\n<p><span class=\"text1noticias\">Este gran concierto, aleg\u00f3rico a nuestras fiestas patrias, es organizado por el Ministerio de Cultura con el fin de promover nuestros valores identitarios mediante el arte y la cultura<\/span>. <\/p>\n<\/p>\n<h6> 2012-02-29 19:30:31 <\/h6>\n<p><!--\n<link rel=\"stylesheet\" href=\"css\/bootstrap.min.css\">\n\n\n<ul class=\"pagination\">\n\t    \n\t\n\n<li >\n\t<a href='?page_no=17849'>Previous<\/a>\n\t<\/li>\n\n\n       \n    \n\n<li><a href='?page_no=1'>1<\/a><\/li>\n\n\n\n<li><a href='?page_no=2'>2<\/a><\/li>\n\n\n\n<li><a>...<\/a><\/li>\n\n\n\n<li><a href='?page_no=17848'>17848<\/a><\/li>\n\n\n\n<li><a href='?page_no=17849'>17849<\/a><\/li>\n\n\n\n<li class='active'><a>17850<\/a><\/li>\n\n\n\n<li><a href='?page_no=17851'>17851<\/a><\/li>\n\n\n\n<li><a href='?page_no=17852'>17852<\/a><\/li>\n\n\n\n<li><a>...<\/a><\/li>\n\n\n\n<li><a href='?page_no=22911'>22911<\/a><\/li>\n\n\n\n<li><a href='?page_no=22912'>22912<\/a><\/li>\n\n    \n\t\n\n<li >\n\t<a href='?page_no=17851'>Next<\/a>\n\t<\/li>\n\n\n    \n\n<li><a href='?page_no=22912'>Last &rsaquo;&rsaquo;<\/a><\/li>\n\n<\/ul>\n\n\n--><br \/>\n<\/body><\/p>\n","protected":false},"excerpt":{"rendered":"<p>La actividad cuenta con la participaci\u00f3n de un desfile de cadetes y artiller\u00eda y se realizar\u00e1 en conmemoraci\u00f3n al 168 Aniversario de la Independencia Nacional Rep.Dom, 29 de Febrero.- El Ministerio de Cultura presentar\u00e1, el pr\u00f3ximo mi\u00e9rcoles 14 de marzo, el \u00abGran Espect\u00e1culo Sinf\u00f3nico Obertura 1812\u00bb, del inmortal compositor ruso Peter Ilich Tchaikovsky, en conmemoraci\u00f3n [&hellip;]<\/p>\n","protected":false},"author":3,"featured_media":0,"comment_status":"open","ping_status":"open","sticky":false,"template":"","format":"standard","meta":{"footnotes":""},"categories":[21],"tags":[],"class_list":["post-66172","post","type-post","status-publish","format-standard","hentry","category-cultura"],"_links":{"self":[{"href":"https:\/\/diariodominicano.com\/index.php?rest_route=\/wp\/v2\/posts\/66172","targetHints":{"allow":["GET"]}}],"collection":[{"href":"https:\/\/diariodominicano.com\/index.php?rest_route=\/wp\/v2\/posts"}],"about":[{"href":"https:\/\/diariodominicano.com\/index.php?rest_route=\/wp\/v2\/types\/post"}],"author":[{"embeddable":true,"href":"https:\/\/diariodominicano.com\/index.php?rest_route=\/wp\/v2\/users\/3"}],"replies":[{"embeddable":true,"href":"https:\/\/diariodominicano.com\/index.php?rest_route=%2Fwp%2Fv2%2Fcomments&post=66172"}],"version-history":[{"count":0,"href":"https:\/\/diariodominicano.com\/index.php?rest_route=\/wp\/v2\/posts\/66172\/revisions"}],"wp:attachment":[{"href":"https:\/\/diariodominicano.com\/index.php?rest_route=%2Fwp%2Fv2%2Fmedia&parent=66172"}],"wp:term":[{"taxonomy":"category","embeddable":true,"href":"https:\/\/diariodominicano.com\/index.php?rest_route=%2Fwp%2Fv2%2Fcategories&post=66172"},{"taxonomy":"post_tag","embeddable":true,"href":"https:\/\/diariodominicano.com\/index.php?rest_route=%2Fwp%2Fv2%2Ftags&post=66172"}],"curies":[{"name":"wp","href":"https:\/\/api.w.org\/{rel}","templated":true}]}}