{"id":661716,"date":"2026-01-23T11:07:53","date_gmt":"2026-01-23T15:07:53","guid":{"rendered":"https:\/\/diariodominicano.com\/?p=661716"},"modified":"2026-01-23T11:08:03","modified_gmt":"2026-01-23T15:08:03","slug":"300-con-leonel-en-ny-presenta-red-de-multiplicadores-como-nueva-etapa-de-organizacion-2026","status":"publish","type":"post","link":"https:\/\/diariodominicano.com\/?p=661716","title":{"rendered":"\u201c300 con Leonel\u201d en NY presenta Red de Multiplicadores como nueva etapa de organizaci\u00f3n 2026"},"content":{"rendered":"\n<p><strong>Por Ram\u00f3n Mercedes<\/strong><\/p>\n\n\n\n<p><strong>NUEVA YORK.-<\/strong>&nbsp;El \u201cProyecto 300 con Leonel\u201d en esta ciudad present\u00f3 oficialmente la \u201cRed de Multiplicadores\u201d, una innovadora estructura de organizaci\u00f3n dise\u00f1ada para fortalecer la participaci\u00f3n pol\u00edtica del dominicano en el exterior, generando crecimiento y la movilizaci\u00f3n social a trav\u00e9s de un modelo altamente efectivo.<\/p>\n\n\n\n<p>Geraldo Rosario, coordinador general del proyecto pol\u00edtico, indic\u00f3 que La Red de Multiplicadores se fundamenta en la idea de que la verdadera fuerza de un proyecto pol\u00edtico reside en su gente organizada.<\/p>\n\n\n\n<p>Bajo este modelo, cada integrante se convierte en un multiplicador activo, con el compromiso de invitar y conectar varias personas de su entorno, creando redes de confianza que se expanden de manera ordenada y sostenible, precisa.<\/p>\n\n\n\n<p>\u201cUn requisito fundamental es que sus integrantes no deben estar afiliados al partido Fuerza del Pueblo (FP) con el objetivo mantener su reciedumbre de fuerza externa real y constatable\u00bb, precisa Rosario.<\/p>\n\n\n\n<p>Este sistema permite transformar el apoyo espont\u00e1neo en una estructura real, con roles definidos, coordinaci\u00f3n territorial y seguimiento constante.<\/p>\n\n\n\n<p>Coordinadores y multiplicadores trabajan de forma articulada, manteniendo un mensaje unificado y una organizaci\u00f3n disciplinada, con el objetivo de construir una fuerza s\u00f3lida de ciudadanos que tradicionalmente no participan pol\u00edticamente, pero a trav\u00e9s de nosotros se comprometen con el proyecto de naci\u00f3n que encarna el doctor Leonel Fern\u00e1ndez.<\/p>\n\n\n\n<p>El mensaje del Proyecto para los dominicanos del exterior ser\u00e1 transmitido de ciudadano a ciudadano, fortaleciendo valores, promoviendo la unidad y generando un sentido de pertenencia que trasciende la pol\u00edtica tradicional.<\/p>\n\n\n\n<p>\u00abEl reto que tenemos es crecer cada d\u00eda para poder sacar del gobierno al PRM, que tanto da\u00f1o est\u00e1 haciendo a nuestros familiares que residen en la RD\u00bb, sostiene.<\/p>\n\n\n\n<p>Con esta iniciativa, \u201c300 con Leonel\u201d entra en una nueva etapa de organizaci\u00f3n moderna y participativa, con la meta de alcanzar entre 30 y 50 mil dominicanos residentes en el exterior, organizados, activos y conectados por territorio, reafirmando su compromiso por un mejor pa\u00eds.<\/p>\n\n\n\n<p>\u201cHoy no estamos anunciando una idea, estamos poniendo en marcha una organizaci\u00f3n. La Red de Multiplicadores demuestra que cuando la gente se une con prop\u00f3sito, el crecimiento es imparable\u00bb, dijo.<\/p>\n\n\n\n<p>&nbsp;\u00abAqu\u00ed cada persona cuenta, cada esfuerzo suma y cada voz importa, porque el futuro no se improvisa, se organiza\u201d, concluy\u00f3 diciendo Rosario.<\/p>\n","protected":false},"excerpt":{"rendered":"<p>Por Ram\u00f3n Mercedes NUEVA YORK.-&nbsp;El \u201cProyecto 300 con Leonel\u201d en esta ciudad present\u00f3 oficialmente la \u201cRed de Multiplicadores\u201d, una innovadora estructura de organizaci\u00f3n dise\u00f1ada para fortalecer la participaci\u00f3n pol\u00edtica del dominicano en el exterior, generando crecimiento y la movilizaci\u00f3n social a trav\u00e9s de un modelo altamente efectivo. Geraldo Rosario, coordinador general del proyecto pol\u00edtico, indic\u00f3 [&hellip;]<\/p>\n","protected":false},"author":2,"featured_media":661717,"comment_status":"closed","ping_status":"closed","sticky":false,"template":"","format":"standard","meta":{"footnotes":""},"categories":[36,22,27],"tags":[],"class_list":["post-661716","post","type-post","status-publish","format-standard","has-post-thumbnail","hentry","category-hombresmujeresycosas","category-politica","category-portada"],"_links":{"self":[{"href":"https:\/\/diariodominicano.com\/index.php?rest_route=\/wp\/v2\/posts\/661716","targetHints":{"allow":["GET"]}}],"collection":[{"href":"https:\/\/diariodominicano.com\/index.php?rest_route=\/wp\/v2\/posts"}],"about":[{"href":"https:\/\/diariodominicano.com\/index.php?rest_route=\/wp\/v2\/types\/post"}],"author":[{"embeddable":true,"href":"https:\/\/diariodominicano.com\/index.php?rest_route=\/wp\/v2\/users\/2"}],"replies":[{"embeddable":true,"href":"https:\/\/diariodominicano.com\/index.php?rest_route=%2Fwp%2Fv2%2Fcomments&post=661716"}],"version-history":[{"count":1,"href":"https:\/\/diariodominicano.com\/index.php?rest_route=\/wp\/v2\/posts\/661716\/revisions"}],"predecessor-version":[{"id":661718,"href":"https:\/\/diariodominicano.com\/index.php?rest_route=\/wp\/v2\/posts\/661716\/revisions\/661718"}],"wp:featuredmedia":[{"embeddable":true,"href":"https:\/\/diariodominicano.com\/index.php?rest_route=\/wp\/v2\/media\/661717"}],"wp:attachment":[{"href":"https:\/\/diariodominicano.com\/index.php?rest_route=%2Fwp%2Fv2%2Fmedia&parent=661716"}],"wp:term":[{"taxonomy":"category","embeddable":true,"href":"https:\/\/diariodominicano.com\/index.php?rest_route=%2Fwp%2Fv2%2Fcategories&post=661716"},{"taxonomy":"post_tag","embeddable":true,"href":"https:\/\/diariodominicano.com\/index.php?rest_route=%2Fwp%2Fv2%2Ftags&post=661716"}],"curies":[{"name":"wp","href":"https:\/\/api.w.org\/{rel}","templated":true}]}}