{"id":66171,"date":"2012-02-29T19:40:01","date_gmt":"2012-02-29T19:40:01","guid":{"rendered":"http:\/\/diariodominicano.ddns.net\/?p=66171"},"modified":"2012-02-29T19:40:01","modified_gmt":"2012-02-29T19:40:01","slug":"con-presentacion-del-grupo-de-teatro-balsamo-concluye-1era-feria-de-lectoescritura-centro-educativo-san-martin","status":"publish","type":"post","link":"https:\/\/diariodominicano.com\/?p=66171","title":{"rendered":"Con presentaci\u00f3n del grupo de teatro B\u00e1lsamo concluye 1era Feria de Lectoescritura centro educativo San Mart\u00edn&#13;"},"content":{"rendered":"<p><body><\/p>\n<p><img decoding=\"async\" src=\"img3\/libroinfantiles.JPG\" \/>  <\/p>\n<p><span class=\"text1noticias\">Rep.Dom,29 de Febrero-Con la presentaci\u00f3n del grupo de Teatro B\u00e1lsamo dirigido por la profesora Alireyda Berd, concluyo la 1era Feria Educativa de Lectoescritura, del Centro Educativo San Mart\u00edn de Porres de esta ciudad, la actividad educativa que tenia como misi\u00f3n del centro; La orientaci\u00f3n a los sujetos de educaci\u00f3n(Estudiantes, Familia y Comunidad), siguiendo los lineamientos del Ministerio de Educaci\u00f3n y las normas de convivencia entre los seres humanos que promueve la iglesia catal\u00edtica, sin discriminaci\u00f3n social, ni religiosa.<\/span><\/p>\n<\/p>\n<p><span class=\"text1noticias\">La feria adem\u00e1s tenia como objetivo la colaborar con la Alfabetizaci\u00f3n critica de ni\u00f1os\/as del ciclo de Educaci\u00f3n B\u00e1sica de la educaci\u00f3n primaria publica, a trav\u00e9s de la capacitaci\u00f3n de sus docentes, trabajado con el lema; Que ning\u00fan ni\u00f1o se quede atr\u00e1s en la lectura y escritura, este importante se realizo durante los d\u00edas 23 y 24 del presente mes y se desarrollo en el local del centro cito en la calle 6 del Ensanche Jos\u00e9 Duboucq, y consto con la asistencia como invitados especiales de las escuelas Virginia Elena Ortea y \u00c1ngel Sixto Bonilla respectivamente.<\/span><\/p>\n<\/p>\n<p><span class=\"text1noticias\">La 1era feria de lectura tenia el proposito de Despertar en los ni\u00f1os\/as,el interes por la lecto-escritura para desarrollar lectores y escritores autonomos e involucrar a los padres\/madres y tutores,en el proceso de ense\u00f1anza-aprendizaje de la lectoescritura de sus hijos\/as, consto con el auspicion de USAID y la PUCMM.<\/span><\/p>\n<\/p>\n<\/p>\n<\/p>\n<h6> 2012-02-29 19:40:01 <\/h6>\n<p><!--\n<link rel=\"stylesheet\" href=\"css\/bootstrap.min.css\">\n\n\n<ul class=\"pagination\">\n\t    \n\t\n\n<li >\n\t<a href='?page_no=17848'>Previous<\/a>\n\t<\/li>\n\n\n       \n    \n\n<li><a href='?page_no=1'>1<\/a><\/li>\n\n\n\n<li><a href='?page_no=2'>2<\/a><\/li>\n\n\n\n<li><a>...<\/a><\/li>\n\n\n\n<li><a href='?page_no=17847'>17847<\/a><\/li>\n\n\n\n<li><a href='?page_no=17848'>17848<\/a><\/li>\n\n\n\n<li class='active'><a>17849<\/a><\/li>\n\n\n\n<li><a href='?page_no=17850'>17850<\/a><\/li>\n\n\n\n<li><a href='?page_no=17851'>17851<\/a><\/li>\n\n\n\n<li><a>...<\/a><\/li>\n\n\n\n<li><a href='?page_no=22911'>22911<\/a><\/li>\n\n\n\n<li><a href='?page_no=22912'>22912<\/a><\/li>\n\n    \n\t\n\n<li >\n\t<a href='?page_no=17850'>Next<\/a>\n\t<\/li>\n\n\n    \n\n<li><a href='?page_no=22912'>Last &rsaquo;&rsaquo;<\/a><\/li>\n\n<\/ul>\n\n\n--><br \/>\n<\/body><\/p>\n","protected":false},"excerpt":{"rendered":"<p>Rep.Dom,29 de Febrero-Con la presentaci\u00f3n del grupo de Teatro B\u00e1lsamo dirigido por la profesora Alireyda Berd, concluyo la 1era Feria Educativa de Lectoescritura, del Centro Educativo San Mart\u00edn de Porres de esta ciudad, la actividad educativa que tenia como misi\u00f3n del centro; La orientaci\u00f3n a los sujetos de educaci\u00f3n(Estudiantes, Familia y Comunidad), siguiendo los lineamientos [&hellip;]<\/p>\n","protected":false},"author":3,"featured_media":0,"comment_status":"open","ping_status":"open","sticky":false,"template":"","format":"standard","meta":{"footnotes":""},"categories":[21],"tags":[],"class_list":["post-66171","post","type-post","status-publish","format-standard","hentry","category-cultura"],"_links":{"self":[{"href":"https:\/\/diariodominicano.com\/index.php?rest_route=\/wp\/v2\/posts\/66171","targetHints":{"allow":["GET"]}}],"collection":[{"href":"https:\/\/diariodominicano.com\/index.php?rest_route=\/wp\/v2\/posts"}],"about":[{"href":"https:\/\/diariodominicano.com\/index.php?rest_route=\/wp\/v2\/types\/post"}],"author":[{"embeddable":true,"href":"https:\/\/diariodominicano.com\/index.php?rest_route=\/wp\/v2\/users\/3"}],"replies":[{"embeddable":true,"href":"https:\/\/diariodominicano.com\/index.php?rest_route=%2Fwp%2Fv2%2Fcomments&post=66171"}],"version-history":[{"count":0,"href":"https:\/\/diariodominicano.com\/index.php?rest_route=\/wp\/v2\/posts\/66171\/revisions"}],"wp:attachment":[{"href":"https:\/\/diariodominicano.com\/index.php?rest_route=%2Fwp%2Fv2%2Fmedia&parent=66171"}],"wp:term":[{"taxonomy":"category","embeddable":true,"href":"https:\/\/diariodominicano.com\/index.php?rest_route=%2Fwp%2Fv2%2Fcategories&post=66171"},{"taxonomy":"post_tag","embeddable":true,"href":"https:\/\/diariodominicano.com\/index.php?rest_route=%2Fwp%2Fv2%2Ftags&post=66171"}],"curies":[{"name":"wp","href":"https:\/\/api.w.org\/{rel}","templated":true}]}}