{"id":66168,"date":"2012-03-01T14:16:15","date_gmt":"2012-03-01T14:16:15","guid":{"rendered":"http:\/\/diariodominicano.ddns.net\/?p=66168"},"modified":"2012-03-01T14:16:15","modified_gmt":"2012-03-01T14:16:15","slug":"la-orquesta-sinfonica-nacional-hara-concierto-obertura-1812","status":"publish","type":"post","link":"https:\/\/diariodominicano.com\/?p=66168","title":{"rendered":"La Orquesta Sinf\u00f3nica Nacional har\u00e1 concierto \u00abObertura 1812\u00bb"},"content":{"rendered":"<p><body><\/p>\n<p><span class=\"text1noticias\">Santo Domingo, RD 1 marzo.- El \u00abGran Espect\u00e1culo Sinf\u00f3nico Obertura 1812\u00bb, del inmortal compositor ruso Peter Ilich Tchaikovsky, ser\u00e1 presentado el mi\u00e9rcoles 14 de marzo por la Orquesta Sinf\u00f3nica Nacional, inform\u00f3 el Ministerio de Cultura.  <\/span><\/p>\n<\/p>\n<p><span class=\"text1noticias\">El concierto, gratis, est\u00e1 pautado para las 8:30 pm en la Fortaleza de Santo Domingo, en conmemoraci\u00f3n al 168 Aniversario de la Independencia Nacional dominicana.<\/span><\/p>\n<\/p>\n<p><span class=\"text1noticias\">La Sinf\u00f3nica dirigida por el Maestro Jos\u00e9 Antonio Molina y la Orquesta Dominicana de Vientos interpretar\u00e1n \u00abFanfarria para un hombre com\u00fan\u00bb de A. Copland, \u00abObertura Festiva\u00bb de D. Shostak\u00f3vich, \u00abBolero\u00bb de M. Ravel, y \u00abObertura 1812\u00bb, de P.I Tchaikovsky.<\/span><\/p>\n<p><span class=\"text1noticias\"> <\/span><\/p>\n<p><span class=\"text1noticias\">Durante la funci\u00f3n tambi\u00e9n ser\u00e1 presentado un desfile de cadetes y una artiller\u00eda de campa\u00f1a junto a un espect\u00e1culo de fuegos artificiales<\/span>.<\/p>\n<\/p>\n<\/p>\n<h6> 2012-03-01 14:16:15 <\/h6>\n<p><!--\n<link rel=\"stylesheet\" href=\"css\/bootstrap.min.css\">\n\n\n<ul class=\"pagination\">\n\t    \n\t\n\n<li >\n\t<a href='?page_no=17845'>Previous<\/a>\n\t<\/li>\n\n\n       \n    \n\n<li><a href='?page_no=1'>1<\/a><\/li>\n\n\n\n<li><a href='?page_no=2'>2<\/a><\/li>\n\n\n\n<li><a>...<\/a><\/li>\n\n\n\n<li><a href='?page_no=17844'>17844<\/a><\/li>\n\n\n\n<li><a href='?page_no=17845'>17845<\/a><\/li>\n\n\n\n<li class='active'><a>17846<\/a><\/li>\n\n\n\n<li><a href='?page_no=17847'>17847<\/a><\/li>\n\n\n\n<li><a href='?page_no=17848'>17848<\/a><\/li>\n\n\n\n<li><a>...<\/a><\/li>\n\n\n\n<li><a href='?page_no=22911'>22911<\/a><\/li>\n\n\n\n<li><a href='?page_no=22912'>22912<\/a><\/li>\n\n    \n\t\n\n<li >\n\t<a href='?page_no=17847'>Next<\/a>\n\t<\/li>\n\n\n    \n\n<li><a href='?page_no=22912'>Last &rsaquo;&rsaquo;<\/a><\/li>\n\n<\/ul>\n\n\n--><br \/>\n<\/body><\/p>\n","protected":false},"excerpt":{"rendered":"<p>Santo Domingo, RD 1 marzo.- El \u00abGran Espect\u00e1culo Sinf\u00f3nico Obertura 1812\u00bb, del inmortal compositor ruso Peter Ilich Tchaikovsky, ser\u00e1 presentado el mi\u00e9rcoles 14 de marzo por la Orquesta Sinf\u00f3nica Nacional, inform\u00f3 el Ministerio de Cultura. El concierto, gratis, est\u00e1 pautado para las 8:30 pm en la Fortaleza de Santo Domingo, en conmemoraci\u00f3n al 168 Aniversario [&hellip;]<\/p>\n","protected":false},"author":3,"featured_media":0,"comment_status":"open","ping_status":"open","sticky":false,"template":"","format":"standard","meta":{"footnotes":""},"categories":[21],"tags":[],"class_list":["post-66168","post","type-post","status-publish","format-standard","hentry","category-cultura"],"_links":{"self":[{"href":"https:\/\/diariodominicano.com\/index.php?rest_route=\/wp\/v2\/posts\/66168","targetHints":{"allow":["GET"]}}],"collection":[{"href":"https:\/\/diariodominicano.com\/index.php?rest_route=\/wp\/v2\/posts"}],"about":[{"href":"https:\/\/diariodominicano.com\/index.php?rest_route=\/wp\/v2\/types\/post"}],"author":[{"embeddable":true,"href":"https:\/\/diariodominicano.com\/index.php?rest_route=\/wp\/v2\/users\/3"}],"replies":[{"embeddable":true,"href":"https:\/\/diariodominicano.com\/index.php?rest_route=%2Fwp%2Fv2%2Fcomments&post=66168"}],"version-history":[{"count":0,"href":"https:\/\/diariodominicano.com\/index.php?rest_route=\/wp\/v2\/posts\/66168\/revisions"}],"wp:attachment":[{"href":"https:\/\/diariodominicano.com\/index.php?rest_route=%2Fwp%2Fv2%2Fmedia&parent=66168"}],"wp:term":[{"taxonomy":"category","embeddable":true,"href":"https:\/\/diariodominicano.com\/index.php?rest_route=%2Fwp%2Fv2%2Fcategories&post=66168"},{"taxonomy":"post_tag","embeddable":true,"href":"https:\/\/diariodominicano.com\/index.php?rest_route=%2Fwp%2Fv2%2Ftags&post=66168"}],"curies":[{"name":"wp","href":"https:\/\/api.w.org\/{rel}","templated":true}]}}