{"id":661674,"date":"2026-01-23T03:30:26","date_gmt":"2026-01-23T07:30:26","guid":{"rendered":"https:\/\/diariodominicano.com\/?p=661674"},"modified":"2026-01-23T03:30:29","modified_gmt":"2026-01-23T07:30:29","slug":"cuba-anuncia-realizacion-del-iii-coloquio-internacional-jose-marti","status":"publish","type":"post","link":"https:\/\/diariodominicano.com\/?p=661674","title":{"rendered":"Cuba anuncia realizaci\u00f3n del III Coloquio Internacional Jos\u00e9 Mart\u00ed"},"content":{"rendered":"\n<p>La Habana, 22 ene (Prensa Latina) La Sociedad Cultural Jos\u00e9 Mart\u00ed (SCJM) anunci\u00f3 hoy la realizaci\u00f3n del III Coloquio Internacional Jos\u00e9 Mart\u00ed: por una cultura de la naturaleza, a desarrollarse en el Jard\u00edn Bot\u00e1nico Nacional del 27 al 30 del presente mes.<\/p>\n\n\n\n<ul class=\"wp-block-list\">\n<li><a href=\"https:\/\/www.prensa-latina.cu\/2026\/01\/22\/\"><time>enero 22, 2026 | 10:54<\/time><\/a><\/li>\n<\/ul>\n\n\n\n<ul class=\"wp-block-list\">\n<li><a href=\"https:\/\/www.prensa-latina.cu\/2026\/01\/22\/cuba-anuncia-realizacion-del-iii-coloquio-internacional-jose-marti\/#\"><\/a><\/li>\n\n\n\n<li><a href=\"https:\/\/www.prensa-latina.cu\/2026\/01\/22\/cuba-anuncia-realizacion-del-iii-coloquio-internacional-jose-marti\/#\"><\/a><\/li>\n\n\n\n<li><a href=\"https:\/\/www.prensa-latina.cu\/2026\/01\/22\/cuba-anuncia-realizacion-del-iii-coloquio-internacional-jose-marti\/#\"><\/a><\/li>\n\n\n\n<li><a href=\"https:\/\/www.prensa-latina.cu\/2026\/01\/22\/cuba-anuncia-realizacion-del-iii-coloquio-internacional-jose-marti\/#\"><\/a><\/li>\n<\/ul>\n\n\n\n<p>Fotos: Vladimir Molina Espada (FotosPL)<\/p>\n\n\n\n<p>El evento tratar\u00e1, mediante comisiones cient\u00edficas y talleres de intercambio, temas relacionados con la vinculaci\u00f3n de la \u00e9tica y la pol\u00edtica al medio ambiente y las iniciativas por un mundo sostenible.<\/p>\n\n\n\n<figure class=\"wp-block-image\"><img decoding=\"async\" src=\"https:\/\/www.prensa-latina.cu\/wp-content\/uploads\/2026\/01\/coloquio-2.jpg\" alt=\"\" class=\"wp-image-1697073\"\/><\/figure>\n\n\n\n<p>El Coloquio Internacional Jos\u00e9 Mart\u00ed: por una cultura de la naturaleza fue convocado por primera vez en 2004, con el apoyo del proyecto Jos\u00e9 Mart\u00ed de Solidaridad Internacional, inscrito en la UNESCO en el propio a\u00f1o.<\/p>\n\n\n\n<figure class=\"wp-block-image\"><img decoding=\"async\" src=\"https:\/\/www.prensa-latina.cu\/wp-content\/uploads\/2026\/01\/coloquio-3.jpg\" alt=\"\" class=\"wp-image-1697072\"\/><\/figure>\n\n\n\n<p>Est\u00e1 llamado a convertirse en un espacio de intercambio y acercamiento que una a personas de buena voluntad para reflexionar en torno a la relaci\u00f3n Ser humano-Naturaleza.<\/p>\n\n\n\n<figure class=\"wp-block-image\"><img decoding=\"async\" src=\"https:\/\/www.prensa-latina.cu\/wp-content\/uploads\/2026\/01\/coloquio-4.jpg\" alt=\"\" class=\"wp-image-1697071\"\/><\/figure>\n\n\n\n<p>En esta ocasi\u00f3n la SCJM contar\u00e1 con el apoyo de la Fundaci\u00f3n Antonio N\u00fa\u00f1ez Jim\u00e9nez y el Jard\u00edn Bot\u00e1nico Nacional, as\u00ed como con el de trabajadores de bosques, jardines y huertos martianos.<\/p>\n\n\n\n<p>ro\/bbb<\/p>\n\n\n\n<ul class=\"wp-block-list\">\n<li>#<a href=\"https:\/\/www.prensa-latina.cu\/etiqueta\/cuba\/\">cuba<\/a><\/li>\n<\/ul>\n","protected":false},"excerpt":{"rendered":"<p>La Habana, 22 ene (Prensa Latina) La Sociedad Cultural Jos\u00e9 Mart\u00ed (SCJM) anunci\u00f3 hoy la realizaci\u00f3n del III Coloquio Internacional Jos\u00e9 Mart\u00ed: por una cultura de la naturaleza, a desarrollarse en el Jard\u00edn Bot\u00e1nico Nacional del 27 al 30 del presente mes. Fotos: Vladimir Molina Espada (FotosPL) El evento tratar\u00e1, mediante comisiones cient\u00edficas y talleres [&hellip;]<\/p>\n","protected":false},"author":2,"featured_media":661675,"comment_status":"closed","ping_status":"closed","sticky":false,"template":"","format":"standard","meta":{"footnotes":""},"categories":[21,26],"tags":[],"class_list":["post-661674","post","type-post","status-publish","format-standard","has-post-thumbnail","hentry","category-cultura","category-efemerides"],"_links":{"self":[{"href":"https:\/\/diariodominicano.com\/index.php?rest_route=\/wp\/v2\/posts\/661674","targetHints":{"allow":["GET"]}}],"collection":[{"href":"https:\/\/diariodominicano.com\/index.php?rest_route=\/wp\/v2\/posts"}],"about":[{"href":"https:\/\/diariodominicano.com\/index.php?rest_route=\/wp\/v2\/types\/post"}],"author":[{"embeddable":true,"href":"https:\/\/diariodominicano.com\/index.php?rest_route=\/wp\/v2\/users\/2"}],"replies":[{"embeddable":true,"href":"https:\/\/diariodominicano.com\/index.php?rest_route=%2Fwp%2Fv2%2Fcomments&post=661674"}],"version-history":[{"count":1,"href":"https:\/\/diariodominicano.com\/index.php?rest_route=\/wp\/v2\/posts\/661674\/revisions"}],"predecessor-version":[{"id":661676,"href":"https:\/\/diariodominicano.com\/index.php?rest_route=\/wp\/v2\/posts\/661674\/revisions\/661676"}],"wp:featuredmedia":[{"embeddable":true,"href":"https:\/\/diariodominicano.com\/index.php?rest_route=\/wp\/v2\/media\/661675"}],"wp:attachment":[{"href":"https:\/\/diariodominicano.com\/index.php?rest_route=%2Fwp%2Fv2%2Fmedia&parent=661674"}],"wp:term":[{"taxonomy":"category","embeddable":true,"href":"https:\/\/diariodominicano.com\/index.php?rest_route=%2Fwp%2Fv2%2Fcategories&post=661674"},{"taxonomy":"post_tag","embeddable":true,"href":"https:\/\/diariodominicano.com\/index.php?rest_route=%2Fwp%2Fv2%2Ftags&post=661674"}],"curies":[{"name":"wp","href":"https:\/\/api.w.org\/{rel}","templated":true}]}}