{"id":66167,"date":"2012-03-01T14:22:21","date_gmt":"2012-03-01T14:22:21","guid":{"rendered":"http:\/\/diariodominicano.ddns.net\/?p=66167"},"modified":"2012-03-01T14:22:21","modified_gmt":"2012-03-01T14:22:21","slug":"este-domingo-sera-el-gran-desfile-nacional-de-carnaval-en-el-malecon","status":"publish","type":"post","link":"https:\/\/diariodominicano.com\/?p=66167","title":{"rendered":"Este domingo ser\u00e1 el Gran  Desfile Nacional de Carnaval en el Malec\u00f3n"},"content":{"rendered":"<p><body><\/p>\n<p><img decoding=\"async\" src=\"img3\/Desfile culturaCarnaval.JPG\" \/>  <\/p>\n<p><span class=\"text1noticias\">POR PILAR LEDESMA (WILKINS)<\/span><\/p>\n<\/p>\n<p><span class=\"text1noticias\">Santo Domingo, RD, 1 marzo.- Comparsas y carrozas, provenientes de los distintos municipios de Santo Domingo y el Distrito Nacional,  participar\u00e1n este domingo 4 de marzo en el Desfile Nacional de Carnaval, que organiza el Ministerio de Cultura.<\/span><\/p>\n<\/p>\n<p><span class=\"text1noticias\">El m\u00e1s importante evento del carnaval dominicano se dedica este a\u00f1o al carnaval de La Vega.<\/span><\/p>\n<\/p>\n<p><span class=\"text1noticias\">Igualmente, rendir\u00e1 homenaje a la folklorista Nereyda Rodr\u00edguez, en atenci\u00f3n a su afanoso trabajo en la difusi\u00f3n y propulsi\u00f3n de nuestras tradiciones en la infancia y juventud dominicana.<\/span><\/p>\n<\/p>\n<p><span class=\"text1noticias\">La Reina del Desfile lo ser\u00e1 la carnavalera de San Juan de la Maguana Hanoi S\u00e1nchez, quien siempre ha estado vinculada a las atracciones culturales de su pueblo, dirigiendo la comparsa \u00abLatinoam\u00e9rica Vive\u00bb. El Rey lo ser\u00e1 el conocido merenguero Sergio Vargas, quien fue escogido por ser una figura relevante en el orden art\u00edstico y cultural.<\/span><\/p>\n<\/p>\n<p><span class=\"text1noticias\">El Ministerio de Cultura igualmente otorg\u00f3 este a\u00f1o el Premio Felipe Abreu, principal galard\u00f3n del carnaval dominicano, a Manuel Ulises Bonelly, de Santiago de los Caballeros, por su vinculaci\u00f3n al carnaval de Santiago y muy especialmente al personaje representativo de esa ciudad \u00abEl lech\u00f3n\u00bb. <\/span><\/p>\n<\/p>\n<p><span class=\"text1noticias\">El Desfile se iniciar\u00e1 a las 3 de la tarde, iniciando en el Obelisco y concluyendo en la avenida M\u00e1ximo G\u00f3mez. <\/span><\/p>\n<\/p>\n<p><span class=\"text1noticias\">Las categor\u00edas del desfile ser\u00e1n seis: Diablos, Creatividad Popular, Fantas\u00eda, Hist\u00f3rica, Tradicional y Al\u00ed Bab\u00e1. Adem\u00e1s, se premiar\u00e1n el Personaje Individual, M\u00e1scara tradicional y M\u00e1scara de fantas\u00eda. <\/span><\/p>\n<\/p>\n<p><span class=\"text1noticias\">Adem\u00e1s, en el desfile podremos disfrutar de las comparsas internacionales invitadas de Aruba, Bulgaria, Curazao, Colombia, China, Guadalupe, Hait\u00ed y Honduras; as\u00ed como de las comparsas finalistas del Reality Show \u00abVive el Carnaval de Noche y de D\u00eda\u00bb; que estuvo realiz\u00e1ndose durante los meses de enero y febrero en las distintas regiones del pa\u00eds; y tendr\u00e1 su Gran Final, en el marco del desfile.<\/span><\/p>\n<\/p>\n<p><span class=\"text1noticias\">JURADO<\/span><\/p>\n<p><span class=\"text1noticias\">Este a\u00f1o, ser\u00e1 coordinado por Xiomarita P\u00e9rez, Directora Nacional de Folklore, y  se ubicar\u00e1 frente al Hotel Jaragua.<\/span><\/p>\n<\/p>\n<p><span class=\"text1noticias\">El mismo  estar\u00e1 presidido por la antrop\u00f3loga Virginia Roca, junto a los antrop\u00f3logos Carlos And\u00fajar, Luisa Mateo Dicl\u00f3 y Juan Rodr\u00edguez; Edis S\u00e1nchez, Music\u00f3logo y folklorista; Manuela F\u00e9liz, Bailarina y profesora de danzas folkl\u00f3ricas y contempor\u00e1neas de la Escuela Nacional de Danza; Nelson Rodr\u00edguez, Jefe de Redacci\u00f3n del peri\u00f3dico Diario Libre; Jonathan Liriano, periodista del peri\u00f3dico El Caribe; Jos\u00e9 Antonio Aybar, del peri\u00f3dico El Nacional; Jorge Ramos, Editor de Espect\u00e1culos del peri\u00f3dico Hoy; Awilda Reyes, Coordinadora de Animaci\u00f3n Sociocultural del Centro Le\u00f3n; Claudio Rivera, Teatrista; Di\u00f3medes N\u00fa\u00f1ez , L\u00edder del Grupo Mio; Wanda Camilo, Bailarina del Ballet Folkl\u00f3rico Nacional; y los gestores culturales V\u00edctor Pi\u00f1eyro y Rosa Ver\u00f3nica Senci\u00f3n Villalona<\/span>.<\/p>\n<\/p>\n<\/p>\n<h6> 2012-03-01 14:22:21 <\/h6>\n<p><!--\n<link rel=\"stylesheet\" href=\"css\/bootstrap.min.css\">\n\n\n<ul class=\"pagination\">\n\t    \n\t\n\n<li >\n\t<a href='?page_no=17844'>Previous<\/a>\n\t<\/li>\n\n\n       \n    \n\n<li><a href='?page_no=1'>1<\/a><\/li>\n\n\n\n<li><a href='?page_no=2'>2<\/a><\/li>\n\n\n\n<li><a>...<\/a><\/li>\n\n\n\n<li><a href='?page_no=17843'>17843<\/a><\/li>\n\n\n\n<li><a href='?page_no=17844'>17844<\/a><\/li>\n\n\n\n<li class='active'><a>17845<\/a><\/li>\n\n\n\n<li><a href='?page_no=17846'>17846<\/a><\/li>\n\n\n\n<li><a href='?page_no=17847'>17847<\/a><\/li>\n\n\n\n<li><a>...<\/a><\/li>\n\n\n\n<li><a href='?page_no=22911'>22911<\/a><\/li>\n\n\n\n<li><a href='?page_no=22912'>22912<\/a><\/li>\n\n    \n\t\n\n<li >\n\t<a href='?page_no=17846'>Next<\/a>\n\t<\/li>\n\n\n    \n\n<li><a href='?page_no=22912'>Last &rsaquo;&rsaquo;<\/a><\/li>\n\n<\/ul>\n\n\n--><br \/>\n<\/body><\/p>\n","protected":false},"excerpt":{"rendered":"<p>POR PILAR LEDESMA (WILKINS) Santo Domingo, RD, 1 marzo.- Comparsas y carrozas, provenientes de los distintos municipios de Santo Domingo y el Distrito Nacional, participar\u00e1n este domingo 4 de marzo en el Desfile Nacional de Carnaval, que organiza el Ministerio de Cultura. El m\u00e1s importante evento del carnaval dominicano se dedica este a\u00f1o al carnaval [&hellip;]<\/p>\n","protected":false},"author":3,"featured_media":0,"comment_status":"open","ping_status":"open","sticky":false,"template":"","format":"standard","meta":{"footnotes":""},"categories":[21],"tags":[],"class_list":["post-66167","post","type-post","status-publish","format-standard","hentry","category-cultura"],"_links":{"self":[{"href":"https:\/\/diariodominicano.com\/index.php?rest_route=\/wp\/v2\/posts\/66167","targetHints":{"allow":["GET"]}}],"collection":[{"href":"https:\/\/diariodominicano.com\/index.php?rest_route=\/wp\/v2\/posts"}],"about":[{"href":"https:\/\/diariodominicano.com\/index.php?rest_route=\/wp\/v2\/types\/post"}],"author":[{"embeddable":true,"href":"https:\/\/diariodominicano.com\/index.php?rest_route=\/wp\/v2\/users\/3"}],"replies":[{"embeddable":true,"href":"https:\/\/diariodominicano.com\/index.php?rest_route=%2Fwp%2Fv2%2Fcomments&post=66167"}],"version-history":[{"count":0,"href":"https:\/\/diariodominicano.com\/index.php?rest_route=\/wp\/v2\/posts\/66167\/revisions"}],"wp:attachment":[{"href":"https:\/\/diariodominicano.com\/index.php?rest_route=%2Fwp%2Fv2%2Fmedia&parent=66167"}],"wp:term":[{"taxonomy":"category","embeddable":true,"href":"https:\/\/diariodominicano.com\/index.php?rest_route=%2Fwp%2Fv2%2Fcategories&post=66167"},{"taxonomy":"post_tag","embeddable":true,"href":"https:\/\/diariodominicano.com\/index.php?rest_route=%2Fwp%2Fv2%2Ftags&post=66167"}],"curies":[{"name":"wp","href":"https:\/\/api.w.org\/{rel}","templated":true}]}}