{"id":661662,"date":"2026-01-23T03:18:22","date_gmt":"2026-01-23T07:18:22","guid":{"rendered":"https:\/\/diariodominicano.com\/?p=661662"},"modified":"2026-01-23T03:19:03","modified_gmt":"2026-01-23T07:19:03","slug":"vicepresidenta-raquel-pena-encabeza-rendicion-de-cuentas-del-tribunal-constitucional","status":"publish","type":"post","link":"https:\/\/diariodominicano.com\/?p=661662","title":{"rendered":"Vicepresidenta Raquel Pe\u00f1a encabeza rendici\u00f3n de cuentas del Tribunal Constitucional"},"content":{"rendered":"\n<p>La vicepresidenta de la Rep\u00fablica, Raquel Pe\u00f1a, encabez\u00f3 el jueves la Audiencia Solemne de Rendici\u00f3n de Cuentas del Tribunal Constitucional (TC), en la que su presidente, el magistrado Napole\u00f3n R. Est\u00e9vez Lavandier, present\u00f3 los principales logros alcanzados por esa alta corte durante el a\u00f1o 2025.<\/p>\n\n\n\n<p>Durante el acto, Est\u00e9vez Lavandier inform\u00f3 que el Tribunal Constitucional emiti\u00f3 1,812 decisiones correspondientes a 1,809 expedientes resueltos, superando el r\u00e9cord hist\u00f3rico de 1,249 alcanzado en 2024, lo que representa el mayor nivel de productividad desde la creaci\u00f3n de la instituci\u00f3n.<\/p>\n\n\n\n<p>El magistrado destac\u00f3 que en 2025 la capacidad de respuesta del TC alcanz\u00f3 un 99.3 % en el fallo de los expedientes recibidos, cumpliendo con las metas establecidas en su plan estrat\u00e9gico institucional orientado a la reducci\u00f3n de la mora judicial.<\/p>\n\n\n\n<p>\u201cTal como anunciamos en la rendici\u00f3n de cuentas anterior, nos propusimos avanzar m\u00e1s all\u00e1 de nuestras propias marcas institucionales, y hoy podemos afirmar, con satisfacci\u00f3n, que ese compromiso ha sido cumplido\u201d, enfatiz\u00f3.<\/p>\n\n\n\n<p>En el marco de la audiencia, la vicepresidenta Raquel Pe\u00f1a valor\u00f3 el rol del Tribunal Constitucional como garante del orden democr\u00e1tico y la seguridad jur\u00eddica del pa\u00eds, destacando la importancia de que las instituciones del Estado act\u00faen con independencia, eficiencia y apego a la Constituci\u00f3n.<\/p>\n\n\n\n<p>\u201cUna democracia se fortalece cuando sus instituciones cumplen su rol con responsabilidad, transparencia y respeto al Estado de derecho. El trabajo del Tribunal Constitucional contribuye a generar confianza y estabilidad para la sociedad dominicana\u201d, expres\u00f3.<\/p>\n\n\n\n<p>Entre los asuntos resueltos durante el a\u00f1o, el presidente del TC detall\u00f3 646 casos en materia civil, 383 en penal, 442 en administrativa, 193 en inmobiliaria, 136 laboral, 17 electoral y 22 en materia internacional, resultados que atribuy\u00f3 al trabajo coordinado del Pleno del Tribunal.<\/p>\n\n\n\n<p>Asimismo, reiter\u00f3 que \u201cel Tribunal Constitucional continuar\u00e1 ejerciendo su funci\u00f3n con independencia y firmeza, consciente de que defender la Constituci\u00f3n implica tambi\u00e9n salvaguardar el espacio democr\u00e1tico donde las ideas pueden debatirse libremente y donde el respeto, la raz\u00f3n y el derecho prevalecen como fundamentos de nuestra convivencia\u201d.<\/p>\n\n\n\n<p>Durante su intervenci\u00f3n, Est\u00e9vez Lavandier anunci\u00f3 la puesta en marcha de un proyecto conjunto con la Suprema Corte de Justicia que permitir\u00e1 la tramitaci\u00f3n y remisi\u00f3n digital de los recursos de revisi\u00f3n constitucional de decisiones jurisdiccionales. Tambi\u00e9n destac\u00f3 la continuidad y optimizaci\u00f3n de la plataforma Mi TCRD y la implementaci\u00f3n plena de la firma digital cualificada.<\/p>\n\n\n\n<p>Indic\u00f3 que estos avances forman parte del eje estrat\u00e9gico de transformaci\u00f3n digital de los servicios judiciales, concebido como uno de los pilares del plan institucional 2025, orientado a una justicia m\u00e1s accesible y eficiente.<\/p>\n\n\n\n<p>En cuanto al fortalecimiento institucional, inform\u00f3 que para el per\u00edodo 2025\u20132028 el Tribunal Constitucional puso en marcha un plan estrat\u00e9gico integral, que incluye el primer Plan Anual de Compras y Contrataciones, enfocado en garantizar procesos transparentes y un uso responsable de los recursos p\u00fablicos.<\/p>\n\n\n\n<p>La Audiencia Solemne de Rendici\u00f3n de Cuentas del Tribunal Constitucional se celebr\u00f3 en la sala augusta de la Suprema Corte de Justicia, con la presencia de los jueces y juezas que integran el Pleno de esta alta corte, autoridades del sistema judicial y representantes del Estado.<\/p>\n\n\n\n<p><a href=\"https:\/\/robertocavada.com\/author\/aaquino\/\">Adalgisa Aquino Garcia<\/a><\/p>\n\n\n\n<p><a href=\"https:\/\/robertocavada.com\/2026\/01\/22\/\"><time datetime=\"2026-01-22T14:22:24-04:00\">enero 22, 2026 a las 2:22 pm<\/time><\/a><\/p>\n","protected":false},"excerpt":{"rendered":"<p>La vicepresidenta de la Rep\u00fablica, Raquel Pe\u00f1a, encabez\u00f3 el jueves la Audiencia Solemne de Rendici\u00f3n de Cuentas del Tribunal Constitucional (TC), en la que su presidente, el magistrado Napole\u00f3n R. Est\u00e9vez Lavandier, present\u00f3 los principales logros alcanzados por esa alta corte durante el a\u00f1o 2025. Durante el acto, Est\u00e9vez Lavandier inform\u00f3 que el Tribunal Constitucional [&hellip;]<\/p>\n","protected":false},"author":2,"featured_media":661663,"comment_status":"closed","ping_status":"closed","sticky":false,"template":"","format":"standard","meta":{"footnotes":""},"categories":[20,24,27],"tags":[],"class_list":["post-661662","post","type-post","status-publish","format-standard","has-post-thumbnail","hentry","category-dominicana-hoy","category-justicia-y-derecho","category-portada"],"_links":{"self":[{"href":"https:\/\/diariodominicano.com\/index.php?rest_route=\/wp\/v2\/posts\/661662","targetHints":{"allow":["GET"]}}],"collection":[{"href":"https:\/\/diariodominicano.com\/index.php?rest_route=\/wp\/v2\/posts"}],"about":[{"href":"https:\/\/diariodominicano.com\/index.php?rest_route=\/wp\/v2\/types\/post"}],"author":[{"embeddable":true,"href":"https:\/\/diariodominicano.com\/index.php?rest_route=\/wp\/v2\/users\/2"}],"replies":[{"embeddable":true,"href":"https:\/\/diariodominicano.com\/index.php?rest_route=%2Fwp%2Fv2%2Fcomments&post=661662"}],"version-history":[{"count":2,"href":"https:\/\/diariodominicano.com\/index.php?rest_route=\/wp\/v2\/posts\/661662\/revisions"}],"predecessor-version":[{"id":661665,"href":"https:\/\/diariodominicano.com\/index.php?rest_route=\/wp\/v2\/posts\/661662\/revisions\/661665"}],"wp:featuredmedia":[{"embeddable":true,"href":"https:\/\/diariodominicano.com\/index.php?rest_route=\/wp\/v2\/media\/661663"}],"wp:attachment":[{"href":"https:\/\/diariodominicano.com\/index.php?rest_route=%2Fwp%2Fv2%2Fmedia&parent=661662"}],"wp:term":[{"taxonomy":"category","embeddable":true,"href":"https:\/\/diariodominicano.com\/index.php?rest_route=%2Fwp%2Fv2%2Fcategories&post=661662"},{"taxonomy":"post_tag","embeddable":true,"href":"https:\/\/diariodominicano.com\/index.php?rest_route=%2Fwp%2Fv2%2Ftags&post=661662"}],"curies":[{"name":"wp","href":"https:\/\/api.w.org\/{rel}","templated":true}]}}